{"id":298357,"date":"2025-03-12T07:39:35","date_gmt":"2025-03-12T06:39:35","guid":{"rendered":"https:\/\/www.evearly.news\/fr\/voiture-electrique-leurope-compte-rattraper-son-retard-en-doublant-la-duree-de-vie-des-batteries\/"},"modified":"2025-03-12T07:39:35","modified_gmt":"2025-03-12T06:39:35","slug":"voiture-electrique-leurope-compte-rattraper-son-retard-en-doublant-la-duree-de-vie-des-batteries","status":"publish","type":"post","link":"https:\/\/www.evearly.news\/fr\/voiture-electrique-leurope-compte-rattraper-son-retard-en-doublant-la-duree-de-vie-des-batteries\/","title":{"rendered":"Voiture \u00e9lectrique\u00a0: l\u2019Europe compte rattraper son retard en doublant la dur\u00e9e de vie des batteries"},"content":{"rendered":"<p><img loading=\"lazy\" width=\"1500\" height=\"1000\" src=\"https:\/\/www.evearly.news\/fr\/wp-content\/uploads\/sites\/6\/2025\/03\/voiture-electrique-leurope-compte-rattraper-son-retard-en-doublant-la-duree-de-vie-des-batteries.jpg\" class=\"attachment-full size-full wp-post-image\" alt=\"Batterie Voiture \u00e9lectrique\" decoding=\"async\" srcset=\"https:\/\/www.evearly.news\/fr\/wp-content\/uploads\/sites\/6\/2025\/03\/voiture-electrique-leurope-compte-rattraper-son-retard-en-doublant-la-duree-de-vie-des-batteries.jpg 1500w, https:\/\/www.evearly.news\/fr\/wp-content\/uploads\/sites\/6\/2025\/03\/voiture-electrique-leurope-compte-rattraper-son-retard-en-doublant-la-duree-de-vie-des-batteries-1.jpg 504w, https:\/\/www.evearly.news\/fr\/wp-content\/uploads\/sites\/6\/2025\/03\/voiture-electrique-leurope-compte-rattraper-son-retard-en-doublant-la-duree-de-vie-des-batteries-2.jpg 1024w, https:\/\/www.evearly.news\/fr\/wp-content\/uploads\/sites\/6\/2025\/03\/voiture-electrique-leurope-compte-rattraper-son-retard-en-doublant-la-duree-de-vie-des-batteries-3.jpg 50w, https:\/\/www.evearly.news\/fr\/wp-content\/uploads\/sites\/6\/2025\/03\/voiture-electrique-leurope-compte-rattraper-son-retard-en-doublant-la-duree-de-vie-des-batteries-4.jpg 336w, https:\/\/www.evearly.news\/fr\/wp-content\/uploads\/sites\/6\/2025\/03\/voiture-electrique-leurope-compte-rattraper-son-retard-en-doublant-la-duree-de-vie-des-batteries-5.jpg 1400w, https:\/\/www.evearly.news\/fr\/wp-content\/uploads\/sites\/6\/2025\/03\/voiture-electrique-leurope-compte-rattraper-son-retard-en-doublant-la-duree-de-vie-des-batteries-6.jpg 680w, https:\/\/www.presse-citron.net\/app\/uploads\/2025\/03\/Batterie-voiture-electrique--896x597.jpg 896w\" sizes=\"auto, (max-width: 1500px) 100vw, 1500px\"><\/p>\n<p>Face \u00e0 la domination asiatique sur le march\u00e9 des batteries, l\u2019Europe mise sur un nouveau projet pour d\u00e9velopper une nouvelle g\u00e9n\u00e9ration d\u2019accumulateurs plus durables, plus s\u00fbrs et plus performants.<a href=\"https:\/\/www.presse-citron.net\/voiture-electrique-leurope-compte-rattraper-son-retard-en-doublant-la-duree-de-vie-des-batteries\/\" target=blank> Lire la suite&#8230;<\/a><\/p>\n","protected":false},"excerpt":{"rendered":"<p>Face \u00e0 la domination asiatique sur le march\u00e9 des batteries, l\u2019Europe mise sur un nouveau projet pour d\u00e9velopper une nouvelle g\u00e9n\u00e9ration d\u2019accumulateurs plus durables, plus s\u00fbrs et plus performants&#8230;. <a class=\"continue-reading-link\" href=\"https:\/\/www.evearly.news\/fr\/voiture-electrique-leurope-compte-rattraper-son-retard-en-doublant-la-duree-de-vie-des-batteries\/\"><\/a><\/p>\n","protected":false},"author":18,"featured_media":298358,"comment_status":"closed","ping_status":"open","sticky":false,"template":"Default","format":"standard","meta":{"footnotes":""},"categories":[19],"tags":[],"class_list":["post-298357","post","type-post","status-publish","format-standard","has-post-thumbnail","hentry","category-presse-citron"],"_links":{"self":[{"href":"https:\/\/www.evearly.news\/fr\/wp-json\/wp\/v2\/posts\/298357","targetHints":{"allow":["GET"]}}],"collection":[{"href":"https:\/\/www.evearly.news\/fr\/wp-json\/wp\/v2\/posts"}],"about":[{"href":"https:\/\/www.evearly.news\/fr\/wp-json\/wp\/v2\/types\/post"}],"author":[{"embeddable":true,"href":"https:\/\/www.evearly.news\/fr\/wp-json\/wp\/v2\/users\/18"}],"replies":[{"embeddable":true,"href":"https:\/\/www.evearly.news\/fr\/wp-json\/wp\/v2\/comments?post=298357"}],"version-history":[{"count":0,"href":"https:\/\/www.evearly.news\/fr\/wp-json\/wp\/v2\/posts\/298357\/revisions"}],"wp:featuredmedia":[{"embeddable":true,"href":"https:\/\/www.evearly.news\/fr\/wp-json\/wp\/v2\/media\/298358"}],"wp:attachment":[{"href":"https:\/\/www.evearly.news\/fr\/wp-json\/wp\/v2\/media?parent=298357"}],"wp:term":[{"taxonomy":"category","embeddable":true,"href":"https:\/\/www.evearly.news\/fr\/wp-json\/wp\/v2\/categories?post=298357"},{"taxonomy":"post_tag","embeddable":true,"href":"https:\/\/www.evearly.news\/fr\/wp-json\/wp\/v2\/tags?post=298357"}],"curies":[{"name":"wp","href":"https:\/\/api.w.org\/{rel}","templated":true}]}}