{"id":298365,"date":"2025-03-12T09:00:07","date_gmt":"2025-03-12T08:00:07","guid":{"rendered":"https:\/\/www.evearly.news\/fr\/mauvais-resultats-nouvelles-id-1-et-id-2-volkswagen-a-la-croisee-des-chemins\/"},"modified":"2025-03-12T09:00:07","modified_gmt":"2025-03-12T08:00:07","slug":"mauvais-resultats-nouvelles-id-1-et-id-2-volkswagen-a-la-croisee-des-chemins","status":"publish","type":"post","link":"https:\/\/www.evearly.news\/fr\/mauvais-resultats-nouvelles-id-1-et-id-2-volkswagen-a-la-croisee-des-chemins\/","title":{"rendered":"Mauvais r\u00e9sultats, nouvelles ID.1 et ID.2 : Volkswagen \u00e0 la crois\u00e9e des chemins"},"content":{"rendered":"<div class=\"media_block\"><img decoding=\"async\" src=\"https:\/\/www.evearly.news\/fr\/wp-content\/uploads\/sites\/6\/2025\/03\/mauvais-resultats-nouvelles-id-1-et-id-2-volkswagen-a-la-croisee-des-chemins.jpg\"><\/div>\n<p>Volkswagen, qui vient de publier ses r\u00e9sultats pour l&rsquo;ann\u00e9e 2024, a d\u00e9voil\u00e9 quelques informations au sujet de sa future gamme de petites voitures \u00e9lectriques Volkswagen ID.1 et Volkswagen ID.2. Le groupe les produira dans le Sud de l&rsquo;Europe. <a href=https:\/\/www.automobile-magazine.fr\/voitures-electriques\/article\/47136-mauvais-resultats-nouvelles-id1-et-id2-volkswagen-a-la-croisee-des-chemins target='bwindow'>Lire la suite&#8230;<\/a><\/p>\n","protected":false},"excerpt":{"rendered":"<div class=\"media_block\"><img decoding=\"async\" src=\"https:\/\/www.evearly.news\/fr\/wp-content\/uploads\/sites\/6\/2025\/03\/mauvais-resultats-nouvelles-id-1-et-id-2-volkswagen-a-la-croisee-des-chemins.jpg\"><\/div>\n<p> <a class=\"continue-reading-link\" href=\"https:\/\/www.evearly.news\/fr\/mauvais-resultats-nouvelles-id-1-et-id-2-volkswagen-a-la-croisee-des-chemins\/\"><\/a><\/p>\n","protected":false},"author":7,"featured_media":298367,"comment_status":"closed","ping_status":"open","sticky":false,"template":"Default","format":"standard","meta":{"footnotes":""},"categories":[7],"tags":[],"class_list":["post-298365","post","type-post","status-publish","format-standard","has-post-thumbnail","hentry","category-automobile-magazine"],"_links":{"self":[{"href":"https:\/\/www.evearly.news\/fr\/wp-json\/wp\/v2\/posts\/298365","targetHints":{"allow":["GET"]}}],"collection":[{"href":"https:\/\/www.evearly.news\/fr\/wp-json\/wp\/v2\/posts"}],"about":[{"href":"https:\/\/www.evearly.news\/fr\/wp-json\/wp\/v2\/types\/post"}],"author":[{"embeddable":true,"href":"https:\/\/www.evearly.news\/fr\/wp-json\/wp\/v2\/users\/7"}],"replies":[{"embeddable":true,"href":"https:\/\/www.evearly.news\/fr\/wp-json\/wp\/v2\/comments?post=298365"}],"version-history":[{"count":0,"href":"https:\/\/www.evearly.news\/fr\/wp-json\/wp\/v2\/posts\/298365\/revisions"}],"wp:featuredmedia":[{"embeddable":true,"href":"https:\/\/www.evearly.news\/fr\/wp-json\/wp\/v2\/media\/298367"}],"wp:attachment":[{"href":"https:\/\/www.evearly.news\/fr\/wp-json\/wp\/v2\/media?parent=298365"}],"wp:term":[{"taxonomy":"category","embeddable":true,"href":"https:\/\/www.evearly.news\/fr\/wp-json\/wp\/v2\/categories?post=298365"},{"taxonomy":"post_tag","embeddable":true,"href":"https:\/\/www.evearly.news\/fr\/wp-json\/wp\/v2\/tags?post=298365"}],"curies":[{"name":"wp","href":"https:\/\/api.w.org\/{rel}","templated":true}]}}