{"id":298433,"date":"2025-03-12T17:10:12","date_gmt":"2025-03-12T16:10:12","guid":{"rendered":"https:\/\/www.evearly.news\/fr\/que-cachaient-les-notes-de-donald-trump-pendant-son-discours-sur-tesla-une-photo-revele-tout\/"},"modified":"2025-03-12T17:10:12","modified_gmt":"2025-03-12T16:10:12","slug":"que-cachaient-les-notes-de-donald-trump-pendant-son-discours-sur-tesla-une-photo-revele-tout","status":"publish","type":"post","link":"https:\/\/www.evearly.news\/fr\/que-cachaient-les-notes-de-donald-trump-pendant-son-discours-sur-tesla-une-photo-revele-tout\/","title":{"rendered":"Que cachaient les notes de Donald Trump pendant son discours sur Tesla\u00a0? Une photo r\u00e9v\u00e8le tout"},"content":{"rendered":"<p><img loading=\"lazy\" width=\"1500\" height=\"1000\" src=\"https:\/\/www.evearly.news\/fr\/wp-content\/uploads\/sites\/6\/2025\/03\/que-cachaient-les-notes-de-donald-trump-pendant-son-discours-sur-tesla-une-photo-revele-tout.jpg\" class=\"attachment-full size-full wp-post-image\" alt=\"Donald Trump\" decoding=\"async\" srcset=\"https:\/\/www.evearly.news\/fr\/wp-content\/uploads\/sites\/6\/2025\/03\/que-cachaient-les-notes-de-donald-trump-pendant-son-discours-sur-tesla-une-photo-revele-tout.jpg 1500w, https:\/\/www.evearly.news\/fr\/wp-content\/uploads\/sites\/6\/2025\/03\/que-cachaient-les-notes-de-donald-trump-pendant-son-discours-sur-tesla-une-photo-revele-tout-1.jpg 504w, https:\/\/www.evearly.news\/fr\/wp-content\/uploads\/sites\/6\/2025\/03\/que-cachaient-les-notes-de-donald-trump-pendant-son-discours-sur-tesla-une-photo-revele-tout-2.jpg 1024w, https:\/\/www.evearly.news\/fr\/wp-content\/uploads\/sites\/6\/2025\/03\/que-cachaient-les-notes-de-donald-trump-pendant-son-discours-sur-tesla-une-photo-revele-tout-3.jpg 50w, https:\/\/www.evearly.news\/fr\/wp-content\/uploads\/sites\/6\/2025\/03\/que-cachaient-les-notes-de-donald-trump-pendant-son-discours-sur-tesla-une-photo-revele-tout-4.jpg 336w, https:\/\/www.evearly.news\/fr\/wp-content\/uploads\/sites\/6\/2025\/03\/que-cachaient-les-notes-de-donald-trump-pendant-son-discours-sur-tesla-une-photo-revele-tout-5.jpg 1400w, https:\/\/www.evearly.news\/fr\/wp-content\/uploads\/sites\/6\/2025\/03\/que-cachaient-les-notes-de-donald-trump-pendant-son-discours-sur-tesla-une-photo-revele-tout-6.jpg 680w, https:\/\/www.presse-citron.net\/app\/uploads\/2024\/03\/donald-trump-896x597.jpg 896w\" sizes=\"auto, (max-width: 1500px) 100vw, 1500px\"><\/p>\n<p>Un \u00e9v\u00e9nement assez surr\u00e9aliste a \u00e9t\u00e9 organise \u00e0 la Maison-Blanche.<a href=\"https:\/\/www.presse-citron.net\/que-cachaient-les-notes-de-donald-trump-pendant-son-discours-sur-tesla-une-photo-revele-tout\/\" target=blank> Lire la suite&#8230;<\/a><\/p>\n","protected":false},"excerpt":{"rendered":"<p>Un \u00e9v\u00e9nement assez surr\u00e9aliste a \u00e9t\u00e9 organise \u00e0 la Maison-Blanche&#8230;. <a class=\"continue-reading-link\" href=\"https:\/\/www.evearly.news\/fr\/que-cachaient-les-notes-de-donald-trump-pendant-son-discours-sur-tesla-une-photo-revele-tout\/\"><\/a><\/p>\n","protected":false},"author":18,"featured_media":298434,"comment_status":"closed","ping_status":"open","sticky":false,"template":"Default","format":"standard","meta":{"footnotes":""},"categories":[19],"tags":[],"class_list":["post-298433","post","type-post","status-publish","format-standard","has-post-thumbnail","hentry","category-presse-citron"],"_links":{"self":[{"href":"https:\/\/www.evearly.news\/fr\/wp-json\/wp\/v2\/posts\/298433","targetHints":{"allow":["GET"]}}],"collection":[{"href":"https:\/\/www.evearly.news\/fr\/wp-json\/wp\/v2\/posts"}],"about":[{"href":"https:\/\/www.evearly.news\/fr\/wp-json\/wp\/v2\/types\/post"}],"author":[{"embeddable":true,"href":"https:\/\/www.evearly.news\/fr\/wp-json\/wp\/v2\/users\/18"}],"replies":[{"embeddable":true,"href":"https:\/\/www.evearly.news\/fr\/wp-json\/wp\/v2\/comments?post=298433"}],"version-history":[{"count":0,"href":"https:\/\/www.evearly.news\/fr\/wp-json\/wp\/v2\/posts\/298433\/revisions"}],"wp:featuredmedia":[{"embeddable":true,"href":"https:\/\/www.evearly.news\/fr\/wp-json\/wp\/v2\/media\/298434"}],"wp:attachment":[{"href":"https:\/\/www.evearly.news\/fr\/wp-json\/wp\/v2\/media?parent=298433"}],"wp:term":[{"taxonomy":"category","embeddable":true,"href":"https:\/\/www.evearly.news\/fr\/wp-json\/wp\/v2\/categories?post=298433"},{"taxonomy":"post_tag","embeddable":true,"href":"https:\/\/www.evearly.news\/fr\/wp-json\/wp\/v2\/tags?post=298433"}],"curies":[{"name":"wp","href":"https:\/\/api.w.org\/{rel}","templated":true}]}}