{"id":298527,"date":"2025-03-13T19:39:18","date_gmt":"2025-03-13T18:39:18","guid":{"rendered":"https:\/\/www.evearly.news\/fr\/on-est-montes-a-bord-de-la-1ere-voiture-electrique-de-suzuki-qui-a-donne-naissance-a-la-nouvelle-toyota\/"},"modified":"2025-03-13T19:39:18","modified_gmt":"2025-03-13T18:39:18","slug":"on-est-montes-a-bord-de-la-1ere-voiture-electrique-de-suzuki-qui-a-donne-naissance-a-la-nouvelle-toyota","status":"publish","type":"post","link":"https:\/\/www.evearly.news\/fr\/on-est-montes-a-bord-de-la-1ere-voiture-electrique-de-suzuki-qui-a-donne-naissance-a-la-nouvelle-toyota\/","title":{"rendered":"On est mont\u00e9s \u00e0 bord de la 1\u00e8re voiture \u00e9lectrique de Suzuki qui a donn\u00e9 naissance \u00e0 la nouvelle Toyota"},"content":{"rendered":"<p><img width=\"1200\" height=\"675\" src=\"https:\/\/www.evearly.news\/fr\/wp-content\/uploads\/sites\/6\/2025\/03\/on-est-montes-a-bord-de-la-1ere-voiture-electrique-de-suzuki-qui-a-donne-naissance-a-la-nouvelle-toyota.jpg\" class=\"attachment-full size-full wp-post-image\" alt=\"\" decoding=\"async\" loading=\"lazy\" \/<br \/>\nAnnonc\u00e9 en 2023 sous la forme d\u2019un concept-car, le nouveau Suzuki e Vitara d\u00e9barque enfin en France. Nous avons pu d\u00e9couvrir la premi\u00e8re voiture \u00e9lectrique de la marque, qui chasse sur les terres de la Renault 4 E-Tech et de la Peugeot e-2008.<br \/>\n <a href=https:\/\/www.frandroid.com\/survoltes\/voitures-electriques\/2533027_on-est-montes-a-bord-de-la-1ere-voiture-electrique-de-suzuki-qui-a-donne-naissance-a-la-nouvelle-toyota target='blank'>Lire la suite&#8230;<\/a><\/p>\n","protected":false},"excerpt":{"rendered":"<p>&lt;img width=&quot;1200&quot; height=&quot;675&quot; src=&quot;https:\/\/www.evearly.news\/fr\/wp-content\/uploads\/sites\/6\/2025\/03\/on-est-montes-a-bord-de-la-1ere-voiture-electrique-de-suzuki-qui-a-donne-naissance-a-la-nouvelle-toyota.jpg&quot; class=&quot;attachment-full size-full wp-post-image&quot; alt=&quot;&quot; decoding=&quot;async&quot; loading=&quot;lazy&quot; \/<br \/>\nAnnonc\u00e9 en 2023 sous la forme d\u2019un concept-car, le nouveau Suzuki e Vitara d\u00e9barque enfin en France. Nous avons pu d\u00e9couvrir la premi\u00e8re voiture \u00e9lectrique de la marque, qui chasse sur les terres de la Renault 4 E-Tech et de la Peugeot e-2008.\n<\/p>\n<p> <a class=\"continue-reading-link\" href=\"https:\/\/www.evearly.news\/fr\/on-est-montes-a-bord-de-la-1ere-voiture-electrique-de-suzuki-qui-a-donne-naissance-a-la-nouvelle-toyota\/\"><\/a><\/p>\n","protected":false},"author":6,"featured_media":298528,"comment_status":"closed","ping_status":"open","sticky":false,"template":"Default","format":"standard","meta":{"footnotes":""},"categories":[14],"tags":[],"class_list":["post-298527","post","type-post","status-publish","format-standard","has-post-thumbnail","hentry","category-frandroid"],"_links":{"self":[{"href":"https:\/\/www.evearly.news\/fr\/wp-json\/wp\/v2\/posts\/298527","targetHints":{"allow":["GET"]}}],"collection":[{"href":"https:\/\/www.evearly.news\/fr\/wp-json\/wp\/v2\/posts"}],"about":[{"href":"https:\/\/www.evearly.news\/fr\/wp-json\/wp\/v2\/types\/post"}],"author":[{"embeddable":true,"href":"https:\/\/www.evearly.news\/fr\/wp-json\/wp\/v2\/users\/6"}],"replies":[{"embeddable":true,"href":"https:\/\/www.evearly.news\/fr\/wp-json\/wp\/v2\/comments?post=298527"}],"version-history":[{"count":0,"href":"https:\/\/www.evearly.news\/fr\/wp-json\/wp\/v2\/posts\/298527\/revisions"}],"wp:featuredmedia":[{"embeddable":true,"href":"https:\/\/www.evearly.news\/fr\/wp-json\/wp\/v2\/media\/298528"}],"wp:attachment":[{"href":"https:\/\/www.evearly.news\/fr\/wp-json\/wp\/v2\/media?parent=298527"}],"wp:term":[{"taxonomy":"category","embeddable":true,"href":"https:\/\/www.evearly.news\/fr\/wp-json\/wp\/v2\/categories?post=298527"},{"taxonomy":"post_tag","embeddable":true,"href":"https:\/\/www.evearly.news\/fr\/wp-json\/wp\/v2\/tags?post=298527"}],"curies":[{"name":"wp","href":"https:\/\/api.w.org\/{rel}","templated":true}]}}