{"id":298533,"date":"2025-03-13T19:40:16","date_gmt":"2025-03-13T18:40:16","guid":{"rendered":"https:\/\/www.evearly.news\/fr\/voici-linterieur-du-break-electrique-chinois-qui-se-recharge-en-10-minutes-et-qui-arrivera-bientot-en-europe\/"},"modified":"2025-03-13T19:40:16","modified_gmt":"2025-03-13T18:40:16","slug":"voici-linterieur-du-break-electrique-chinois-qui-se-recharge-en-10-minutes-et-qui-arrivera-bientot-en-europe","status":"publish","type":"post","link":"https:\/\/www.evearly.news\/fr\/voici-linterieur-du-break-electrique-chinois-qui-se-recharge-en-10-minutes-et-qui-arrivera-bientot-en-europe\/","title":{"rendered":"Voici l\u2019int\u00e9rieur du break \u00e9lectrique chinois qui se recharge en 10 minutes et qui arrivera bient\u00f4t en Europe"},"content":{"rendered":"<p><img width=\"1200\" height=\"675\" src=\"https:\/\/www.evearly.news\/fr\/wp-content\/uploads\/sites\/6\/2025\/03\/voici-linterieur-du-break-electrique-chinois-qui-se-recharge-en-10-minutes-et-qui-arrivera-bientot-en-europe.jpg\" class=\"attachment-full size-full wp-post-image\" alt=\"\" decoding=\"async\" loading=\"lazy\" \/<br \/>\nLe constructeur Zeekr, qui devrait arriver sur le march\u00e9 fran\u00e7ais dans les prochains mois, vient de pr\u00e9senter, en Chine, l&rsquo;habitacle de son break Zeekr 7 GT. Une voiture \u00e9lectrique qui vise clairement les standards des marques premium en Europe. Elle se recharge en 10 minutes seulement.<br \/>\n <a href=https:\/\/www.frandroid.com\/marques\/zeekr\/2541077_voici-linterieur-du-break-electrique-chinois-qui-se-recharge-en-10-minutes-et-qui-arrivera-bientot-en-europe target='blank'>Lire la suite&#8230;<\/a><\/p>\n","protected":false},"excerpt":{"rendered":"<p>&lt;img width=&quot;1200&quot; height=&quot;675&quot; src=&quot;https:\/\/www.evearly.news\/fr\/wp-content\/uploads\/sites\/6\/2025\/03\/voici-linterieur-du-break-electrique-chinois-qui-se-recharge-en-10-minutes-et-qui-arrivera-bientot-en-europe.jpg&quot; class=&quot;attachment-full size-full wp-post-image&quot; alt=&quot;&quot; decoding=&quot;async&quot; loading=&quot;lazy&quot; \/<br \/>\nLe constructeur Zeekr, qui devrait arriver sur le march\u00e9 fran\u00e7ais dans les prochains mois, vient de pr\u00e9senter, en Chine, l&rsquo;habitacle de son break Zeekr 7 GT. Une voiture \u00e9lectrique qui vise clairement les standards des marques premium en Europe. Elle se recharge en 10 minutes seulement.\n<\/p>\n<p> <a class=\"continue-reading-link\" href=\"https:\/\/www.evearly.news\/fr\/voici-linterieur-du-break-electrique-chinois-qui-se-recharge-en-10-minutes-et-qui-arrivera-bientot-en-europe\/\"><\/a><\/p>\n","protected":false},"author":6,"featured_media":298534,"comment_status":"closed","ping_status":"open","sticky":false,"template":"Default","format":"standard","meta":{"footnotes":""},"categories":[14],"tags":[],"class_list":["post-298533","post","type-post","status-publish","format-standard","has-post-thumbnail","hentry","category-frandroid"],"_links":{"self":[{"href":"https:\/\/www.evearly.news\/fr\/wp-json\/wp\/v2\/posts\/298533","targetHints":{"allow":["GET"]}}],"collection":[{"href":"https:\/\/www.evearly.news\/fr\/wp-json\/wp\/v2\/posts"}],"about":[{"href":"https:\/\/www.evearly.news\/fr\/wp-json\/wp\/v2\/types\/post"}],"author":[{"embeddable":true,"href":"https:\/\/www.evearly.news\/fr\/wp-json\/wp\/v2\/users\/6"}],"replies":[{"embeddable":true,"href":"https:\/\/www.evearly.news\/fr\/wp-json\/wp\/v2\/comments?post=298533"}],"version-history":[{"count":0,"href":"https:\/\/www.evearly.news\/fr\/wp-json\/wp\/v2\/posts\/298533\/revisions"}],"wp:featuredmedia":[{"embeddable":true,"href":"https:\/\/www.evearly.news\/fr\/wp-json\/wp\/v2\/media\/298534"}],"wp:attachment":[{"href":"https:\/\/www.evearly.news\/fr\/wp-json\/wp\/v2\/media?parent=298533"}],"wp:term":[{"taxonomy":"category","embeddable":true,"href":"https:\/\/www.evearly.news\/fr\/wp-json\/wp\/v2\/categories?post=298533"},{"taxonomy":"post_tag","embeddable":true,"href":"https:\/\/www.evearly.news\/fr\/wp-json\/wp\/v2\/tags?post=298533"}],"curies":[{"name":"wp","href":"https:\/\/api.w.org\/{rel}","templated":true}]}}