{"id":299419,"date":"2025-03-26T11:07:24","date_gmt":"2025-03-26T10:07:24","guid":{"rendered":"https:\/\/www.evearly.news\/fr\/nouvelle-nissan-micra-2025-premieres-photos-et-infos-officielles-de-la-cousine-de-la-renault-5\/"},"modified":"2025-03-26T11:07:24","modified_gmt":"2025-03-26T10:07:24","slug":"nouvelle-nissan-micra-2025-premieres-photos-et-infos-officielles-de-la-cousine-de-la-renault-5","status":"publish","type":"post","link":"https:\/\/www.evearly.news\/fr\/nouvelle-nissan-micra-2025-premieres-photos-et-infos-officielles-de-la-cousine-de-la-renault-5\/","title":{"rendered":"Nouvelle Nissan Micra 2025 : premi\u00e8res photos et infos officielles de la cousine de la Renault 5!"},"content":{"rendered":"<div class=\"media_block\"><img decoding=\"async\" src=\"https:\/\/www.evearly.news\/fr\/wp-content\/uploads\/sites\/6\/2025\/03\/nouvelle-nissan-micra-2025-premieres-photos-et-infos-officielles-de-la-cousine-de-la-renault-5.jpg\"><\/div>\n<p>La future petite Nissan 100% \u00e9lectrique n\u2019emprunte pas que ses dessous \u00e0 la R5. Comme la fran\u00e7aise, la japonaise affiche un charme fou, ses optiques rondes, aussi bien devant que derri\u00e8re, lui octroyant un petit air de Be-1, une craquante citadine de la fin des ann\u00e9es 1980. <a href=https:\/\/www.automobile-magazine.fr\/nouveautes\/article\/47397-nouvelle-nissan-micra-2025-premieres-photos-et-infos-officielles-de-la-cousine-de-la-renault-5 target='bwindow'>Lire la suite&#8230;<\/a><\/p>\n","protected":false},"excerpt":{"rendered":"<div class=\"media_block\"><img decoding=\"async\" src=\"https:\/\/www.evearly.news\/fr\/wp-content\/uploads\/sites\/6\/2025\/03\/nouvelle-nissan-micra-2025-premieres-photos-et-infos-officielles-de-la-cousine-de-la-renault-5.jpg\"><\/div>\n<p> <a class=\"continue-reading-link\" href=\"https:\/\/www.evearly.news\/fr\/nouvelle-nissan-micra-2025-premieres-photos-et-infos-officielles-de-la-cousine-de-la-renault-5\/\"><\/a><\/p>\n","protected":false},"author":7,"featured_media":299420,"comment_status":"closed","ping_status":"open","sticky":false,"template":"Default","format":"standard","meta":{"footnotes":""},"categories":[7],"tags":[],"class_list":["post-299419","post","type-post","status-publish","format-standard","has-post-thumbnail","hentry","category-automobile-magazine"],"_links":{"self":[{"href":"https:\/\/www.evearly.news\/fr\/wp-json\/wp\/v2\/posts\/299419","targetHints":{"allow":["GET"]}}],"collection":[{"href":"https:\/\/www.evearly.news\/fr\/wp-json\/wp\/v2\/posts"}],"about":[{"href":"https:\/\/www.evearly.news\/fr\/wp-json\/wp\/v2\/types\/post"}],"author":[{"embeddable":true,"href":"https:\/\/www.evearly.news\/fr\/wp-json\/wp\/v2\/users\/7"}],"replies":[{"embeddable":true,"href":"https:\/\/www.evearly.news\/fr\/wp-json\/wp\/v2\/comments?post=299419"}],"version-history":[{"count":0,"href":"https:\/\/www.evearly.news\/fr\/wp-json\/wp\/v2\/posts\/299419\/revisions"}],"wp:featuredmedia":[{"embeddable":true,"href":"https:\/\/www.evearly.news\/fr\/wp-json\/wp\/v2\/media\/299420"}],"wp:attachment":[{"href":"https:\/\/www.evearly.news\/fr\/wp-json\/wp\/v2\/media?parent=299419"}],"wp:term":[{"taxonomy":"category","embeddable":true,"href":"https:\/\/www.evearly.news\/fr\/wp-json\/wp\/v2\/categories?post=299419"},{"taxonomy":"post_tag","embeddable":true,"href":"https:\/\/www.evearly.news\/fr\/wp-json\/wp\/v2\/tags?post=299419"}],"curies":[{"name":"wp","href":"https:\/\/api.w.org\/{rel}","templated":true}]}}