{"id":299421,"date":"2025-03-26T11:08:00","date_gmt":"2025-03-26T10:08:00","guid":{"rendered":"https:\/\/www.evearly.news\/fr\/enfin-une-audi-electrique-plus-accessible-a-lhorizon\/"},"modified":"2025-03-26T11:08:00","modified_gmt":"2025-03-26T10:08:00","slug":"enfin-une-audi-electrique-plus-accessible-a-lhorizon","status":"publish","type":"post","link":"https:\/\/www.evearly.news\/fr\/enfin-une-audi-electrique-plus-accessible-a-lhorizon\/","title":{"rendered":"Enfin une Audi \u00e9lectrique plus accessible \u00e0 l&rsquo;horizon ?"},"content":{"rendered":"<div class=\"media_block\"><img decoding=\"async\" src=\"https:\/\/www.evearly.news\/fr\/wp-content\/uploads\/sites\/6\/2025\/03\/enfin-une-audi-electrique-plus-accessible-a-lhorizon.jpg\"><\/div>\n<p>Le PDG d&rsquo;Audi a affirm\u00e9 qu&rsquo;un mod\u00e8le \u00e9lectrique compact produit en Allemagne est dans les cartons et devrait voir le jour d\u00e8s 2026.\u00a0 <a href=https:\/\/www.automobile-magazine.fr\/voitures-electriques\/article\/47385-enfin-une-audi-electrique-plus-accessible-a-lhorizon target='bwindow'>Lire la suite&#8230;<\/a><\/p>\n","protected":false},"excerpt":{"rendered":"<div class=\"media_block\"><img decoding=\"async\" src=\"https:\/\/www.evearly.news\/fr\/wp-content\/uploads\/sites\/6\/2025\/03\/enfin-une-audi-electrique-plus-accessible-a-lhorizon.jpg\"><\/div>\n<p> <a class=\"continue-reading-link\" href=\"https:\/\/www.evearly.news\/fr\/enfin-une-audi-electrique-plus-accessible-a-lhorizon\/\"><\/a><\/p>\n","protected":false},"author":7,"featured_media":299422,"comment_status":"closed","ping_status":"open","sticky":false,"template":"Default","format":"standard","meta":{"footnotes":""},"categories":[7],"tags":[],"class_list":["post-299421","post","type-post","status-publish","format-standard","has-post-thumbnail","hentry","category-automobile-magazine"],"_links":{"self":[{"href":"https:\/\/www.evearly.news\/fr\/wp-json\/wp\/v2\/posts\/299421","targetHints":{"allow":["GET"]}}],"collection":[{"href":"https:\/\/www.evearly.news\/fr\/wp-json\/wp\/v2\/posts"}],"about":[{"href":"https:\/\/www.evearly.news\/fr\/wp-json\/wp\/v2\/types\/post"}],"author":[{"embeddable":true,"href":"https:\/\/www.evearly.news\/fr\/wp-json\/wp\/v2\/users\/7"}],"replies":[{"embeddable":true,"href":"https:\/\/www.evearly.news\/fr\/wp-json\/wp\/v2\/comments?post=299421"}],"version-history":[{"count":0,"href":"https:\/\/www.evearly.news\/fr\/wp-json\/wp\/v2\/posts\/299421\/revisions"}],"wp:featuredmedia":[{"embeddable":true,"href":"https:\/\/www.evearly.news\/fr\/wp-json\/wp\/v2\/media\/299422"}],"wp:attachment":[{"href":"https:\/\/www.evearly.news\/fr\/wp-json\/wp\/v2\/media?parent=299421"}],"wp:term":[{"taxonomy":"category","embeddable":true,"href":"https:\/\/www.evearly.news\/fr\/wp-json\/wp\/v2\/categories?post=299421"},{"taxonomy":"post_tag","embeddable":true,"href":"https:\/\/www.evearly.news\/fr\/wp-json\/wp\/v2\/tags?post=299421"}],"curies":[{"name":"wp","href":"https:\/\/api.w.org\/{rel}","templated":true}]}}