{"id":299565,"date":"2025-03-28T07:20:08","date_gmt":"2025-03-28T06:20:08","guid":{"rendered":"https:\/\/www.evearly.news\/fr\/les-futurs-nissan-micra-leaf-et-juke-electriques-sont-dans-les-tuyaux\/"},"modified":"2025-03-28T07:20:08","modified_gmt":"2025-03-28T06:20:08","slug":"les-futurs-nissan-micra-leaf-et-juke-electriques-sont-dans-les-tuyaux","status":"publish","type":"post","link":"https:\/\/www.evearly.news\/fr\/les-futurs-nissan-micra-leaf-et-juke-electriques-sont-dans-les-tuyaux\/","title":{"rendered":"Les futurs Nissan Micra, Leaf et Juke \u00e9lectriques sont dans les tuyaux"},"content":{"rendered":"<p><img width=\"1000\" height=\"563\" src=\"https:\/\/www.evearly.news\/fr\/wp-content\/uploads\/sites\/6\/2025\/03\/les-futurs-nissan-micra-leaf-et-juke-electriques-sont-dans-les-tuyaux.jpg\" class=\"attachment-post-thumbnail size-post-thumbnail wp-post-image\" alt=\"Nissan Juke, Leaf 3 et Micra \u00e9lectriques\" decoding=\"async\" fetchpriority=\"high\" srcset=\"https:\/\/www.evearly.news\/fr\/wp-content\/uploads\/sites\/6\/2025\/03\/les-futurs-nissan-micra-leaf-et-juke-electriques-sont-dans-les-tuyaux.jpg 1000w, https:\/\/www.evearly.news\/fr\/wp-content\/uploads\/sites\/6\/2025\/03\/les-futurs-nissan-micra-leaf-et-juke-electriques-sont-dans-les-tuyaux-1.jpg 300w, https:\/\/www.evearly.news\/fr\/wp-content\/uploads\/sites\/6\/2025\/03\/les-futurs-nissan-micra-leaf-et-juke-electriques-sont-dans-les-tuyaux-2.jpg 998w, https:\/\/www.avem.fr\/wp-content\/uploads\/2025\/03\/ACTF0328_Nissan-768x432.jpg 768w\" sizes=\"(max-width: 1000px) 100vw, 1000px\" \/>Pour l\u2019Europe, les prochaines Nissan Micra et Leaf seront produites respectivement en France et en Grande-Bretagne d\u00e8s la pr\u00e9sente ann\u00e9e 2025. \u00a0 Leaf 3 P\u00e9trie de qualit\u00e9s, la premi\u00e8re Nissan Leaf se pr\u00e9sentait sous un style diff\u00e9renciant qui a d\u00e9rout\u00e9 pas mal d\u2019automobilistes. A l\u2019int\u00e9rieur, elle offrait en revanche un [\u2026] <a href=https:\/\/www.avem.fr\/2025\/03\/28\/les-futurs-nissan-micra-leaf-et-juke-electriques-sont-dans-les-tuyaux\/ target=blank>Lire la suite&#8230;<\/a><\/p>\n","protected":false},"excerpt":{"rendered":"<p><img loading=\"lazy\" decoding=\"async\" width=\"1000\" height=\"563\" src=\"https:\/\/www.evearly.news\/fr\/wp-content\/uploads\/sites\/6\/2025\/03\/les-futurs-nissan-micra-leaf-et-juke-electriques-sont-dans-les-tuyaux.jpg\" class=\"attachment-post-thumbnail size-post-thumbnail wp-post-image\" alt=\"Nissan Juke, Leaf 3 et Micra \u00e9lectriques\" \/>Pour l\u2019Europe, les prochaines Nissan Micra et Leaf seront produites respectivement en France et en Grande-Bretagne d\u00e8s la pr\u00e9sente ann\u00e9e 2025. \u00a0 Leaf 3 P\u00e9trie de qualit\u00e9s, la premi\u00e8re Nissan Leaf se pr\u00e9sentait sous un style diff\u00e9renciant qui a d\u00e9rout\u00e9 pas mal d\u2019automobilistes. A l\u2019int\u00e9rieur, elle offrait en revanche un [\u2026] <a class=\"continue-reading-link\" href=\"https:\/\/www.evearly.news\/fr\/les-futurs-nissan-micra-leaf-et-juke-electriques-sont-dans-les-tuyaux\/\"><\/a><\/p>\n","protected":false},"author":3,"featured_media":299566,"comment_status":"closed","ping_status":"open","sticky":false,"template":"Default","format":"standard","meta":{"footnotes":""},"categories":[3],"tags":[],"class_list":["post-299565","post","type-post","status-publish","format-standard","has-post-thumbnail","hentry","category-avem"],"_links":{"self":[{"href":"https:\/\/www.evearly.news\/fr\/wp-json\/wp\/v2\/posts\/299565","targetHints":{"allow":["GET"]}}],"collection":[{"href":"https:\/\/www.evearly.news\/fr\/wp-json\/wp\/v2\/posts"}],"about":[{"href":"https:\/\/www.evearly.news\/fr\/wp-json\/wp\/v2\/types\/post"}],"author":[{"embeddable":true,"href":"https:\/\/www.evearly.news\/fr\/wp-json\/wp\/v2\/users\/3"}],"replies":[{"embeddable":true,"href":"https:\/\/www.evearly.news\/fr\/wp-json\/wp\/v2\/comments?post=299565"}],"version-history":[{"count":0,"href":"https:\/\/www.evearly.news\/fr\/wp-json\/wp\/v2\/posts\/299565\/revisions"}],"wp:featuredmedia":[{"embeddable":true,"href":"https:\/\/www.evearly.news\/fr\/wp-json\/wp\/v2\/media\/299566"}],"wp:attachment":[{"href":"https:\/\/www.evearly.news\/fr\/wp-json\/wp\/v2\/media?parent=299565"}],"wp:term":[{"taxonomy":"category","embeddable":true,"href":"https:\/\/www.evearly.news\/fr\/wp-json\/wp\/v2\/categories?post=299565"},{"taxonomy":"post_tag","embeddable":true,"href":"https:\/\/www.evearly.news\/fr\/wp-json\/wp\/v2\/tags?post=299565"}],"curies":[{"name":"wp","href":"https:\/\/api.w.org\/{rel}","templated":true}]}}