{"id":299567,"date":"2025-03-28T07:22:06","date_gmt":"2025-03-28T06:22:06","guid":{"rendered":"https:\/\/www.evearly.news\/fr\/futur-citroen-c5-aircross-2025-on-connait-enfin-precisement-sa-date-de-revelation\/"},"modified":"2025-03-28T07:22:06","modified_gmt":"2025-03-28T06:22:06","slug":"futur-citroen-c5-aircross-2025-on-connait-enfin-precisement-sa-date-de-revelation","status":"publish","type":"post","link":"https:\/\/www.evearly.news\/fr\/futur-citroen-c5-aircross-2025-on-connait-enfin-precisement-sa-date-de-revelation\/","title":{"rendered":"Futur Citro\u00ebn C5 Aircross 2025 : on conna\u00eet enfin pr\u00e9cis\u00e9ment sa date de r\u00e9v\u00e9lation"},"content":{"rendered":"<p><img decoding=\"async\" src=\"https:\/\/www.evearly.news\/fr\/wp-content\/uploads\/sites\/6\/2025\/03\/futur-citroen-c5-aircross-2025-on-connait-enfin-precisement-sa-date-de-revelation.webp\" alt=\"auto-moto\"><br \/>D\u2019ici quelques semaines, le proche cousin du Peugeot 3008 livrera tous ses secrets. A quoi s\u2019attendre au sujet de ce nouveau Citro\u00ebn C5 Aircross ? <a href=https:\/\/www.auto-moto.com\/suv\/futur-citroen-c5-aircross-2025-on-connait-enfin-precisement-sa-date-de-revelation-55429 target=blank>Lire la suite&#8230;<\/a><\/p>\n","protected":false},"excerpt":{"rendered":"<p>D\u2019ici quelques semaines, le proche cousin du Peugeot 3008 livrera tous ses secrets. A quoi s\u2019attendre au sujet de ce nouveau Citro\u00ebn C5 Aircross ?&#8230; <a class=\"continue-reading-link\" href=\"https:\/\/www.evearly.news\/fr\/futur-citroen-c5-aircross-2025-on-connait-enfin-precisement-sa-date-de-revelation\/\"><\/a><\/p>\n","protected":false},"author":9,"featured_media":299568,"comment_status":"closed","ping_status":"open","sticky":false,"template":"Default","format":"standard","meta":{"footnotes":""},"categories":[10],"tags":[],"class_list":["post-299567","post","type-post","status-publish","format-standard","has-post-thumbnail","hentry","category-auto-moto-com"],"_links":{"self":[{"href":"https:\/\/www.evearly.news\/fr\/wp-json\/wp\/v2\/posts\/299567","targetHints":{"allow":["GET"]}}],"collection":[{"href":"https:\/\/www.evearly.news\/fr\/wp-json\/wp\/v2\/posts"}],"about":[{"href":"https:\/\/www.evearly.news\/fr\/wp-json\/wp\/v2\/types\/post"}],"author":[{"embeddable":true,"href":"https:\/\/www.evearly.news\/fr\/wp-json\/wp\/v2\/users\/9"}],"replies":[{"embeddable":true,"href":"https:\/\/www.evearly.news\/fr\/wp-json\/wp\/v2\/comments?post=299567"}],"version-history":[{"count":0,"href":"https:\/\/www.evearly.news\/fr\/wp-json\/wp\/v2\/posts\/299567\/revisions"}],"wp:featuredmedia":[{"embeddable":true,"href":"https:\/\/www.evearly.news\/fr\/wp-json\/wp\/v2\/media\/299568"}],"wp:attachment":[{"href":"https:\/\/www.evearly.news\/fr\/wp-json\/wp\/v2\/media?parent=299567"}],"wp:term":[{"taxonomy":"category","embeddable":true,"href":"https:\/\/www.evearly.news\/fr\/wp-json\/wp\/v2\/categories?post=299567"},{"taxonomy":"post_tag","embeddable":true,"href":"https:\/\/www.evearly.news\/fr\/wp-json\/wp\/v2\/tags?post=299567"}],"curies":[{"name":"wp","href":"https:\/\/api.w.org\/{rel}","templated":true}]}}