{"id":299603,"date":"2025-03-28T12:50:05","date_gmt":"2025-03-28T11:50:05","guid":{"rendered":"https:\/\/www.evearly.news\/fr\/skoda-elroq-rs-teaser-et-date-de-presentation-pour-le-suv-compact-sportif\/"},"modified":"2025-03-28T12:50:05","modified_gmt":"2025-03-28T11:50:05","slug":"skoda-elroq-rs-teaser-et-date-de-presentation-pour-le-suv-compact-sportif","status":"publish","type":"post","link":"https:\/\/www.evearly.news\/fr\/skoda-elroq-rs-teaser-et-date-de-presentation-pour-le-suv-compact-sportif\/","title":{"rendered":"Skoda Elroq RS : teaser et date de pr\u00e9sentation pour le SUV compact sportif"},"content":{"rendered":"<p><img decoding=\"async\" src=\"https:\/\/www.evearly.news\/fr\/wp-content\/uploads\/sites\/6\/2025\/03\/skoda-elroq-rs-teaser-et-date-de-presentation-pour-le-suv-compact-sportif.webp\" alt=\"auto-moto\"><br \/>Quelques mois seulement apr\u00e8s la commercialisation de l\u2019Elroq, Skoda annonce d\u00e9j\u00e0 l\u2019arriv\u00e9e de sa variante sportive RS par l\u2019interm\u00e9diaire d\u2019un teaser. On y d\u00e9couvre le style du mod\u00e8le avant sa pr\u00e9sentation, pr\u00e9vue le 3 avril prochain lors de la Milan Design Week. <a href=https:\/\/www.auto-moto.com\/suv\/skoda-elroq-rs-55529 target=blank>Lire la suite&#8230;<\/a><\/p>\n","protected":false},"excerpt":{"rendered":"<p>Quelques mois seulement apr\u00e8s la commercialisation de l\u2019Elroq, Skoda annonce d\u00e9j\u00e0 l\u2019arriv\u00e9e de sa variante sportive RS par l\u2019interm\u00e9diaire d\u2019un teaser. On y d\u00e9couvre le style du mod\u00e8le avant sa pr\u00e9sentation, pr\u00e9vue le 3 avril prochain lors de la Milan Design Week&#8230;. <a class=\"continue-reading-link\" href=\"https:\/\/www.evearly.news\/fr\/skoda-elroq-rs-teaser-et-date-de-presentation-pour-le-suv-compact-sportif\/\"><\/a><\/p>\n","protected":false},"author":9,"featured_media":299604,"comment_status":"closed","ping_status":"open","sticky":false,"template":"Default","format":"standard","meta":{"footnotes":""},"categories":[10],"tags":[],"class_list":["post-299603","post","type-post","status-publish","format-standard","has-post-thumbnail","hentry","category-auto-moto-com"],"_links":{"self":[{"href":"https:\/\/www.evearly.news\/fr\/wp-json\/wp\/v2\/posts\/299603","targetHints":{"allow":["GET"]}}],"collection":[{"href":"https:\/\/www.evearly.news\/fr\/wp-json\/wp\/v2\/posts"}],"about":[{"href":"https:\/\/www.evearly.news\/fr\/wp-json\/wp\/v2\/types\/post"}],"author":[{"embeddable":true,"href":"https:\/\/www.evearly.news\/fr\/wp-json\/wp\/v2\/users\/9"}],"replies":[{"embeddable":true,"href":"https:\/\/www.evearly.news\/fr\/wp-json\/wp\/v2\/comments?post=299603"}],"version-history":[{"count":0,"href":"https:\/\/www.evearly.news\/fr\/wp-json\/wp\/v2\/posts\/299603\/revisions"}],"wp:featuredmedia":[{"embeddable":true,"href":"https:\/\/www.evearly.news\/fr\/wp-json\/wp\/v2\/media\/299604"}],"wp:attachment":[{"href":"https:\/\/www.evearly.news\/fr\/wp-json\/wp\/v2\/media?parent=299603"}],"wp:term":[{"taxonomy":"category","embeddable":true,"href":"https:\/\/www.evearly.news\/fr\/wp-json\/wp\/v2\/categories?post=299603"},{"taxonomy":"post_tag","embeddable":true,"href":"https:\/\/www.evearly.news\/fr\/wp-json\/wp\/v2\/tags?post=299603"}],"curies":[{"name":"wp","href":"https:\/\/api.w.org\/{rel}","templated":true}]}}