{"id":299605,"date":"2025-03-28T13:10:12","date_gmt":"2025-03-28T12:10:12","guid":{"rendered":"https:\/\/www.evearly.news\/fr\/mobilians-pleins-feux-sur-la-location-courte-duree-electrique\/"},"modified":"2025-03-28T13:10:12","modified_gmt":"2025-03-28T12:10:12","slug":"mobilians-pleins-feux-sur-la-location-courte-duree-electrique","status":"publish","type":"post","link":"https:\/\/www.evearly.news\/fr\/mobilians-pleins-feux-sur-la-location-courte-duree-electrique\/","title":{"rendered":"Mobilians\u00a0: pleins feux sur la location courte dur\u00e9e \u00e9lectrique"},"content":{"rendered":"<p><img loading=\"lazy\" decoding=\"async\" width=\"650\" height=\"430\" class=\"entry-thumb\" src=\"https:\/\/www.evearly.news\/fr\/wp-content\/uploads\/sites\/6\/2025\/03\/mobilians-pleins-feux-sur-la-location-courte-duree-electrique.jpg\" alt=\"voitures parking\" title=\"voitures parking\"\/><br \/>L\u2019organisation professionnelle Mobilians a d\u00e9cid\u00e9 de mettre l\u2019accent sur une mesure de la loi de finances destin\u00e9e \u00e0 faciliter l\u2019usage des v\u00e9hicules \u00e9lectriques par les entreprises dans le cadre de la location courte dur\u00e9e. <a href=https:\/\/www.flotauto.com\/lcd-electrique-location-courte-duree-20250328.html target='bwindow'>Lire la suite&#8230;<\/a><\/p>\n","protected":false},"excerpt":{"rendered":"<p>L\u2019organisation professionnelle Mobilians a d\u00e9cid\u00e9 de mettre l\u2019accent sur une mesure de la loi de finances destin\u00e9e \u00e0 faciliter l\u2019usage des v\u00e9hicules \u00e9lectriques par les entreprises dans le cadre de la location courte dur\u00e9e&#8230;. <a class=\"continue-reading-link\" href=\"https:\/\/www.evearly.news\/fr\/mobilians-pleins-feux-sur-la-location-courte-duree-electrique\/\"><\/a><\/p>\n","protected":false},"author":35,"featured_media":299606,"comment_status":"closed","ping_status":"open","sticky":false,"template":"Default","format":"standard","meta":{"footnotes":""},"categories":[179],"tags":[],"class_list":["post-299605","post","type-post","status-publish","format-standard","has-post-thumbnail","hentry","category-flotauto-com"],"_links":{"self":[{"href":"https:\/\/www.evearly.news\/fr\/wp-json\/wp\/v2\/posts\/299605","targetHints":{"allow":["GET"]}}],"collection":[{"href":"https:\/\/www.evearly.news\/fr\/wp-json\/wp\/v2\/posts"}],"about":[{"href":"https:\/\/www.evearly.news\/fr\/wp-json\/wp\/v2\/types\/post"}],"author":[{"embeddable":true,"href":"https:\/\/www.evearly.news\/fr\/wp-json\/wp\/v2\/users\/35"}],"replies":[{"embeddable":true,"href":"https:\/\/www.evearly.news\/fr\/wp-json\/wp\/v2\/comments?post=299605"}],"version-history":[{"count":0,"href":"https:\/\/www.evearly.news\/fr\/wp-json\/wp\/v2\/posts\/299605\/revisions"}],"wp:featuredmedia":[{"embeddable":true,"href":"https:\/\/www.evearly.news\/fr\/wp-json\/wp\/v2\/media\/299606"}],"wp:attachment":[{"href":"https:\/\/www.evearly.news\/fr\/wp-json\/wp\/v2\/media?parent=299605"}],"wp:term":[{"taxonomy":"category","embeddable":true,"href":"https:\/\/www.evearly.news\/fr\/wp-json\/wp\/v2\/categories?post=299605"},{"taxonomy":"post_tag","embeddable":true,"href":"https:\/\/www.evearly.news\/fr\/wp-json\/wp\/v2\/tags?post=299605"}],"curies":[{"name":"wp","href":"https:\/\/api.w.org\/{rel}","templated":true}]}}