{"id":299607,"date":"2025-03-28T13:21:59","date_gmt":"2025-03-28T12:21:59","guid":{"rendered":"https:\/\/www.evearly.news\/fr\/normes-co2-honda-suzuki-mazda-et-subaru-sassocient-a-tesla\/"},"modified":"2025-03-28T13:21:59","modified_gmt":"2025-03-28T12:21:59","slug":"normes-co2-honda-suzuki-mazda-et-subaru-sassocient-a-tesla","status":"publish","type":"post","link":"https:\/\/www.evearly.news\/fr\/normes-co2-honda-suzuki-mazda-et-subaru-sassocient-a-tesla\/","title":{"rendered":"Normes CO2 : Honda, Suzuki, Mazda et Subaru s\u2019associent \u00e0 Tesla"},"content":{"rendered":"<p><img decoding=\"async\" width=\"500\" height=\"333\" src=\"https:\/\/www.evearly.news\/fr\/wp-content\/uploads\/sites\/6\/2025\/03\/normes-co2-honda-suzuki-mazda-et-subaru-sassocient-a-tesla.jpg\" class=\"attachment-1200x800 size-1200x800 wp-post-image\" alt=\"\" loading=\"lazy\" srcset=\"https:\/\/www.evearly.news\/fr\/wp-content\/uploads\/sites\/6\/2025\/03\/normes-co2-honda-suzuki-mazda-et-subaru-sassocient-a-tesla.jpg 1600w, https:\/\/www.evearly.news\/fr\/wp-content\/uploads\/sites\/6\/2025\/03\/normes-co2-honda-suzuki-mazda-et-subaru-sassocient-a-tesla-1.jpg 1024w, https:\/\/www.evearly.news\/fr\/wp-content\/uploads\/sites\/6\/2025\/03\/normes-co2-honda-suzuki-mazda-et-subaru-sassocient-a-tesla-2.jpg 768w, https:\/\/www.evearly.news\/fr\/wp-content\/uploads\/sites\/6\/2025\/03\/normes-co2-honda-suzuki-mazda-et-subaru-sassocient-a-tesla-3.jpg 1536w, https:\/\/cdn.automobile-propre.com\/uploads\/2025\/03\/Essai-Tesla-Model-3-Grande-Autonomie-Propulsion-2025-3-620x349.jpg 620w\" sizes=\"auto, (max-width: 1200px) 100vw, 1200px\" \/><br \/>\nEn 2025, la r\u00e9glementation CAFE oblige les constructeurs qui vendent des voitures en Europe \u00e0 respecter des normes d&rsquo;\u00e9missions de\u2026\u00a0<a href=https:\/\/www.automobile-propre.com\/articles\/emissions-de-co2-honda-suzuki-mazda-et-subaru-rejoignent-lalliance-de-tesla\/ target='bwindow'>Lire la suite&#8230;<\/a><\/p>\n","protected":false},"excerpt":{"rendered":"<p>&#8230; <a class=\"continue-reading-link\" href=\"https:\/\/www.evearly.news\/fr\/normes-co2-honda-suzuki-mazda-et-subaru-sassocient-a-tesla\/\"><\/a><\/p>\n","protected":false},"author":8,"featured_media":299608,"comment_status":"closed","ping_status":"open","sticky":false,"template":"Default","format":"standard","meta":{"footnotes":""},"categories":[8],"tags":[],"class_list":["post-299607","post","type-post","status-publish","format-standard","has-post-thumbnail","hentry","category-automobile-propre"],"_links":{"self":[{"href":"https:\/\/www.evearly.news\/fr\/wp-json\/wp\/v2\/posts\/299607","targetHints":{"allow":["GET"]}}],"collection":[{"href":"https:\/\/www.evearly.news\/fr\/wp-json\/wp\/v2\/posts"}],"about":[{"href":"https:\/\/www.evearly.news\/fr\/wp-json\/wp\/v2\/types\/post"}],"author":[{"embeddable":true,"href":"https:\/\/www.evearly.news\/fr\/wp-json\/wp\/v2\/users\/8"}],"replies":[{"embeddable":true,"href":"https:\/\/www.evearly.news\/fr\/wp-json\/wp\/v2\/comments?post=299607"}],"version-history":[{"count":0,"href":"https:\/\/www.evearly.news\/fr\/wp-json\/wp\/v2\/posts\/299607\/revisions"}],"wp:featuredmedia":[{"embeddable":true,"href":"https:\/\/www.evearly.news\/fr\/wp-json\/wp\/v2\/media\/299608"}],"wp:attachment":[{"href":"https:\/\/www.evearly.news\/fr\/wp-json\/wp\/v2\/media?parent=299607"}],"wp:term":[{"taxonomy":"category","embeddable":true,"href":"https:\/\/www.evearly.news\/fr\/wp-json\/wp\/v2\/categories?post=299607"},{"taxonomy":"post_tag","embeddable":true,"href":"https:\/\/www.evearly.news\/fr\/wp-json\/wp\/v2\/tags?post=299607"}],"curies":[{"name":"wp","href":"https:\/\/api.w.org\/{rel}","templated":true}]}}