{"id":300130,"date":"2025-04-07T23:21:38","date_gmt":"2025-04-07T21:21:38","guid":{"rendered":"https:\/\/www.evearly.news\/fr\/voici-ou-sont-reellement-vendues-les-voitures-electriques-chinoises-a-travers-le-monde\/"},"modified":"2025-04-07T23:21:38","modified_gmt":"2025-04-07T21:21:38","slug":"voici-ou-sont-reellement-vendues-les-voitures-electriques-chinoises-a-travers-le-monde","status":"publish","type":"post","link":"https:\/\/www.evearly.news\/fr\/voici-ou-sont-reellement-vendues-les-voitures-electriques-chinoises-a-travers-le-monde\/","title":{"rendered":"Voici o\u00f9 sont r\u00e9ellement vendues les voitures \u00e9lectriques chinoises \u00e0 travers le monde"},"content":{"rendered":"<p><img width=\"1200\" height=\"675\" src=\"https:\/\/www.evearly.news\/fr\/wp-content\/uploads\/sites\/6\/2025\/04\/voici-ou-sont-reellement-vendues-les-voitures-electriques-chinoises-a-travers-le-monde.jpg\" class=\"attachment-full size-full wp-post-image\" alt=\"\" decoding=\"async\" loading=\"lazy\" \/<br \/>\nLes voitures \u00e9lectriques chinoises ont-elles r\u00e9ellement envahi l&rsquo;Europe ? Cette analyse chiffr\u00e9e nuance le propos, et montre que l&rsquo;invasion chinoise de voitures \u00e9lectriques a bien lieu, mais pas forc\u00e9ment en Europe. Du moins, pas pour le moment.<br \/>\n <a href=https:\/\/www.frandroid.com\/survoltes\/voitures-electriques\/2555731_voici-ou-sont-reellement-vendues-les-voitures-electriques-chinoises-a-travers-le-monde target='blank'>Lire la suite&#8230;<\/a><\/p>\n","protected":false},"excerpt":{"rendered":"<p>&lt;img width=&quot;1200&quot; height=&quot;675&quot; src=&quot;https:\/\/www.evearly.news\/fr\/wp-content\/uploads\/sites\/6\/2025\/04\/voici-ou-sont-reellement-vendues-les-voitures-electriques-chinoises-a-travers-le-monde.jpg&quot; class=&quot;attachment-full size-full wp-post-image&quot; alt=&quot;&quot; decoding=&quot;async&quot; loading=&quot;lazy&quot; \/<br \/>\nLes voitures \u00e9lectriques chinoises ont-elles r\u00e9ellement envahi l&rsquo;Europe ? Cette analyse chiffr\u00e9e nuance le propos, et montre que l&rsquo;invasion chinoise de voitures \u00e9lectriques a bien lieu, mais pas forc\u00e9ment en Europe. Du moins, pas pour le moment.\n<\/p>\n<p> <a class=\"continue-reading-link\" href=\"https:\/\/www.evearly.news\/fr\/voici-ou-sont-reellement-vendues-les-voitures-electriques-chinoises-a-travers-le-monde\/\"><\/a><\/p>\n","protected":false},"author":6,"featured_media":300131,"comment_status":"closed","ping_status":"open","sticky":false,"template":"Default","format":"standard","meta":{"footnotes":""},"categories":[14],"tags":[],"class_list":["post-300130","post","type-post","status-publish","format-standard","has-post-thumbnail","hentry","category-frandroid"],"_links":{"self":[{"href":"https:\/\/www.evearly.news\/fr\/wp-json\/wp\/v2\/posts\/300130","targetHints":{"allow":["GET"]}}],"collection":[{"href":"https:\/\/www.evearly.news\/fr\/wp-json\/wp\/v2\/posts"}],"about":[{"href":"https:\/\/www.evearly.news\/fr\/wp-json\/wp\/v2\/types\/post"}],"author":[{"embeddable":true,"href":"https:\/\/www.evearly.news\/fr\/wp-json\/wp\/v2\/users\/6"}],"replies":[{"embeddable":true,"href":"https:\/\/www.evearly.news\/fr\/wp-json\/wp\/v2\/comments?post=300130"}],"version-history":[{"count":0,"href":"https:\/\/www.evearly.news\/fr\/wp-json\/wp\/v2\/posts\/300130\/revisions"}],"wp:featuredmedia":[{"embeddable":true,"href":"https:\/\/www.evearly.news\/fr\/wp-json\/wp\/v2\/media\/300131"}],"wp:attachment":[{"href":"https:\/\/www.evearly.news\/fr\/wp-json\/wp\/v2\/media?parent=300130"}],"wp:term":[{"taxonomy":"category","embeddable":true,"href":"https:\/\/www.evearly.news\/fr\/wp-json\/wp\/v2\/categories?post=300130"},{"taxonomy":"post_tag","embeddable":true,"href":"https:\/\/www.evearly.news\/fr\/wp-json\/wp\/v2\/tags?post=300130"}],"curies":[{"name":"wp","href":"https:\/\/api.w.org\/{rel}","templated":true}]}}