{"id":300134,"date":"2025-04-07T23:22:20","date_gmt":"2025-04-07T21:22:20","guid":{"rendered":"https:\/\/www.evearly.news\/fr\/une-recharge-500-fois-plus-rapide-le-froid-nest-plus-lennemi-des-voitures-electriques-avec-cette-nouvelle-batterie\/"},"modified":"2025-04-07T23:22:20","modified_gmt":"2025-04-07T21:22:20","slug":"une-recharge-500-fois-plus-rapide-le-froid-nest-plus-lennemi-des-voitures-electriques-avec-cette-nouvelle-batterie","status":"publish","type":"post","link":"https:\/\/www.evearly.news\/fr\/une-recharge-500-fois-plus-rapide-le-froid-nest-plus-lennemi-des-voitures-electriques-avec-cette-nouvelle-batterie\/","title":{"rendered":"Une recharge \u00ab\u00a0500 fois plus rapide \u00bb : le froid n\u2019est plus l\u2019ennemi des voitures \u00e9lectriques avec cette nouvelle batterie"},"content":{"rendered":"<p><img width=\"1200\" height=\"675\" src=\"https:\/\/www.evearly.news\/fr\/wp-content\/uploads\/sites\/6\/2025\/04\/une-recharge-500-fois-plus-rapide-le-froid-nest-plus-lennemi-des-voitures-electriques-avec-cette-nouvelle-batterie.jpg\" class=\"attachment-full size-full wp-post-image\" alt=\"\" decoding=\"async\" loading=\"lazy\" \/<br \/>\nLes voitures \u00e9lectriques n&rsquo;aiment pas le froid : l&rsquo;autonomie baisse et la recharge devient moins rapide. Face \u00e0 ce d\u00e9fi, des chercheurs ont d\u00e9velopp\u00e9 une nouvelle batterie capable de se recharger en 10 minutes, m\u00eame \u00e0 -10\u00b0C.<br \/>\n <a href=https:\/\/www.frandroid.com\/survoltes\/voitures-electriques\/2573011_une-recharge-500-fois-plus-rapide-le-froid-nest-plus-lennemi-des-voitures-electriques-avec-cette-nouvelle-batterie target='blank'>Lire la suite&#8230;<\/a><\/p>\n","protected":false},"excerpt":{"rendered":"<p>&lt;img width=&quot;1200&quot; height=&quot;675&quot; src=&quot;https:\/\/www.evearly.news\/fr\/wp-content\/uploads\/sites\/6\/2025\/04\/une-recharge-500-fois-plus-rapide-le-froid-nest-plus-lennemi-des-voitures-electriques-avec-cette-nouvelle-batterie.jpg&quot; class=&quot;attachment-full size-full wp-post-image&quot; alt=&quot;&quot; decoding=&quot;async&quot; loading=&quot;lazy&quot; \/<br \/>\nLes voitures \u00e9lectriques n&rsquo;aiment pas le froid : l&rsquo;autonomie baisse et la recharge devient moins rapide. Face \u00e0 ce d\u00e9fi, des chercheurs ont d\u00e9velopp\u00e9 une nouvelle batterie capable de se recharger en 10 minutes, m\u00eame \u00e0 -10\u00b0C.\n<\/p>\n<p> <a class=\"continue-reading-link\" href=\"https:\/\/www.evearly.news\/fr\/une-recharge-500-fois-plus-rapide-le-froid-nest-plus-lennemi-des-voitures-electriques-avec-cette-nouvelle-batterie\/\"><\/a><\/p>\n","protected":false},"author":6,"featured_media":300135,"comment_status":"closed","ping_status":"open","sticky":false,"template":"Default","format":"standard","meta":{"footnotes":""},"categories":[14],"tags":[],"class_list":["post-300134","post","type-post","status-publish","format-standard","has-post-thumbnail","hentry","category-frandroid"],"_links":{"self":[{"href":"https:\/\/www.evearly.news\/fr\/wp-json\/wp\/v2\/posts\/300134","targetHints":{"allow":["GET"]}}],"collection":[{"href":"https:\/\/www.evearly.news\/fr\/wp-json\/wp\/v2\/posts"}],"about":[{"href":"https:\/\/www.evearly.news\/fr\/wp-json\/wp\/v2\/types\/post"}],"author":[{"embeddable":true,"href":"https:\/\/www.evearly.news\/fr\/wp-json\/wp\/v2\/users\/6"}],"replies":[{"embeddable":true,"href":"https:\/\/www.evearly.news\/fr\/wp-json\/wp\/v2\/comments?post=300134"}],"version-history":[{"count":0,"href":"https:\/\/www.evearly.news\/fr\/wp-json\/wp\/v2\/posts\/300134\/revisions"}],"wp:featuredmedia":[{"embeddable":true,"href":"https:\/\/www.evearly.news\/fr\/wp-json\/wp\/v2\/media\/300135"}],"wp:attachment":[{"href":"https:\/\/www.evearly.news\/fr\/wp-json\/wp\/v2\/media?parent=300134"}],"wp:term":[{"taxonomy":"category","embeddable":true,"href":"https:\/\/www.evearly.news\/fr\/wp-json\/wp\/v2\/categories?post=300134"},{"taxonomy":"post_tag","embeddable":true,"href":"https:\/\/www.evearly.news\/fr\/wp-json\/wp\/v2\/tags?post=300134"}],"curies":[{"name":"wp","href":"https:\/\/api.w.org\/{rel}","templated":true}]}}