{"id":300136,"date":"2025-04-07T23:22:42","date_gmt":"2025-04-07T21:22:42","guid":{"rendered":"https:\/\/www.evearly.news\/fr\/tesla-prouve-que-la-fonction-la-plus-revolutionnaire-de-ses-voitures-electriques-fonctionne-deja-en-europe\/"},"modified":"2025-04-07T23:22:42","modified_gmt":"2025-04-07T21:22:42","slug":"tesla-prouve-que-la-fonction-la-plus-revolutionnaire-de-ses-voitures-electriques-fonctionne-deja-en-europe","status":"publish","type":"post","link":"https:\/\/www.evearly.news\/fr\/tesla-prouve-que-la-fonction-la-plus-revolutionnaire-de-ses-voitures-electriques-fonctionne-deja-en-europe\/","title":{"rendered":"Tesla prouve que la fonction la plus r\u00e9volutionnaire de ses voitures \u00e9lectriques fonctionne d\u00e9j\u00e0 en Europe"},"content":{"rendered":"<p><img width=\"1200\" height=\"675\" src=\"https:\/\/www.evearly.news\/fr\/wp-content\/uploads\/sites\/6\/2025\/04\/tesla-prouve-que-la-fonction-la-plus-revolutionnaire-de-ses-voitures-electriques-fonctionne-deja-en-europe.jpg\" class=\"attachment-full size-full wp-post-image\" alt=\"\" decoding=\"async\" loading=\"lazy\" \/<br \/>\nTesla met la pression sur le l\u00e9gislateur europ\u00e9en avec cette d\u00e9monstration impressionnante du FSD, la conduite 100 % autonome, en plein c\u0153ur d\u2019Amsterdam. Une vid\u00e9o qui prouve que la technologie est pr\u00eate \u00e0 \u00eatre d\u00e9ploy\u00e9e.<br \/>\n <a href=https:\/\/www.frandroid.com\/marques\/tesla\/2572935_tesla-prouve-que-la-fonction-la-plus-revolutionnaire-de-ses-voitures-electriques-fonctionne-deja-en-europe target='blank'>Lire la suite&#8230;<\/a><\/p>\n","protected":false},"excerpt":{"rendered":"<p>&lt;img width=&quot;1200&quot; height=&quot;675&quot; src=&quot;https:\/\/www.evearly.news\/fr\/wp-content\/uploads\/sites\/6\/2025\/04\/tesla-prouve-que-la-fonction-la-plus-revolutionnaire-de-ses-voitures-electriques-fonctionne-deja-en-europe.jpg&quot; class=&quot;attachment-full size-full wp-post-image&quot; alt=&quot;&quot; decoding=&quot;async&quot; loading=&quot;lazy&quot; \/<br \/>\nTesla met la pression sur le l\u00e9gislateur europ\u00e9en avec cette d\u00e9monstration impressionnante du FSD, la conduite 100 % autonome, en plein c\u0153ur d\u2019Amsterdam. Une vid\u00e9o qui prouve que la technologie est pr\u00eate \u00e0 \u00eatre d\u00e9ploy\u00e9e.\n<\/p>\n<p> <a class=\"continue-reading-link\" href=\"https:\/\/www.evearly.news\/fr\/tesla-prouve-que-la-fonction-la-plus-revolutionnaire-de-ses-voitures-electriques-fonctionne-deja-en-europe\/\"><\/a><\/p>\n","protected":false},"author":6,"featured_media":300137,"comment_status":"closed","ping_status":"open","sticky":false,"template":"Default","format":"standard","meta":{"footnotes":""},"categories":[14],"tags":[],"class_list":["post-300136","post","type-post","status-publish","format-standard","has-post-thumbnail","hentry","category-frandroid"],"_links":{"self":[{"href":"https:\/\/www.evearly.news\/fr\/wp-json\/wp\/v2\/posts\/300136","targetHints":{"allow":["GET"]}}],"collection":[{"href":"https:\/\/www.evearly.news\/fr\/wp-json\/wp\/v2\/posts"}],"about":[{"href":"https:\/\/www.evearly.news\/fr\/wp-json\/wp\/v2\/types\/post"}],"author":[{"embeddable":true,"href":"https:\/\/www.evearly.news\/fr\/wp-json\/wp\/v2\/users\/6"}],"replies":[{"embeddable":true,"href":"https:\/\/www.evearly.news\/fr\/wp-json\/wp\/v2\/comments?post=300136"}],"version-history":[{"count":0,"href":"https:\/\/www.evearly.news\/fr\/wp-json\/wp\/v2\/posts\/300136\/revisions"}],"wp:featuredmedia":[{"embeddable":true,"href":"https:\/\/www.evearly.news\/fr\/wp-json\/wp\/v2\/media\/300137"}],"wp:attachment":[{"href":"https:\/\/www.evearly.news\/fr\/wp-json\/wp\/v2\/media?parent=300136"}],"wp:term":[{"taxonomy":"category","embeddable":true,"href":"https:\/\/www.evearly.news\/fr\/wp-json\/wp\/v2\/categories?post=300136"},{"taxonomy":"post_tag","embeddable":true,"href":"https:\/\/www.evearly.news\/fr\/wp-json\/wp\/v2\/tags?post=300136"}],"curies":[{"name":"wp","href":"https:\/\/api.w.org\/{rel}","templated":true}]}}