{"id":301145,"date":"2025-04-23T17:20:06","date_gmt":"2025-04-23T15:20:06","guid":{"rendered":"https:\/\/www.evearly.news\/fr\/mazda-ez-60-plus-de-details-sur-le-second-modele-electrique-du-constructeur\/"},"modified":"2025-04-23T17:20:06","modified_gmt":"2025-04-23T15:20:06","slug":"mazda-ez-60-plus-de-details-sur-le-second-modele-electrique-du-constructeur","status":"publish","type":"post","link":"https:\/\/www.evearly.news\/fr\/mazda-ez-60-plus-de-details-sur-le-second-modele-electrique-du-constructeur\/","title":{"rendered":"Mazda EZ-60 : plus de d\u00e9tails sur le second mod\u00e8le \u00e9lectrique du constructeur"},"content":{"rendered":"<p><img decoding=\"async\" src=\"https:\/\/www.evearly.news\/fr\/wp-content\/uploads\/sites\/6\/2025\/04\/mazda-ez-60-plus-de-details-sur-le-second-modele-electrique-du-constructeur.webp\" alt=\"auto-moto\"><br \/>Le Mazda EZ-60 vient d\u2019\u00eatre d\u00e9voil\u00e9 au Salon de Shanghai. D\u00e9velopp\u00e9 avec son partenaire local Changan comme la berline EZ-6 (appel\u00e9e 6e chez nous), il embarque un immense \u00e9cran tactile et pourrait rejoindre l\u2019Europe par la suite sous l\u2019appellation CX-6e. <a href=https:\/\/www.auto-moto.com\/suv\/mazda-ez-60-56614 target=blank>Lire la suite&#8230;<\/a><\/p>\n","protected":false},"excerpt":{"rendered":"<p>Le Mazda EZ-60 vient d\u2019\u00eatre d\u00e9voil\u00e9 au Salon de Shanghai. D\u00e9velopp\u00e9 avec son partenaire local Changan comme la berline EZ-6 (appel\u00e9e 6e chez nous), il embarque un immense \u00e9cran tactile et pourrait rejoindre l\u2019Europe par la suite sous l\u2019appellation CX-6e&#8230;. <a class=\"continue-reading-link\" href=\"https:\/\/www.evearly.news\/fr\/mazda-ez-60-plus-de-details-sur-le-second-modele-electrique-du-constructeur\/\"><\/a><\/p>\n","protected":false},"author":9,"featured_media":301146,"comment_status":"closed","ping_status":"open","sticky":false,"template":"Default","format":"standard","meta":{"footnotes":""},"categories":[10],"tags":[],"class_list":["post-301145","post","type-post","status-publish","format-standard","has-post-thumbnail","hentry","category-auto-moto-com"],"_links":{"self":[{"href":"https:\/\/www.evearly.news\/fr\/wp-json\/wp\/v2\/posts\/301145","targetHints":{"allow":["GET"]}}],"collection":[{"href":"https:\/\/www.evearly.news\/fr\/wp-json\/wp\/v2\/posts"}],"about":[{"href":"https:\/\/www.evearly.news\/fr\/wp-json\/wp\/v2\/types\/post"}],"author":[{"embeddable":true,"href":"https:\/\/www.evearly.news\/fr\/wp-json\/wp\/v2\/users\/9"}],"replies":[{"embeddable":true,"href":"https:\/\/www.evearly.news\/fr\/wp-json\/wp\/v2\/comments?post=301145"}],"version-history":[{"count":0,"href":"https:\/\/www.evearly.news\/fr\/wp-json\/wp\/v2\/posts\/301145\/revisions"}],"wp:featuredmedia":[{"embeddable":true,"href":"https:\/\/www.evearly.news\/fr\/wp-json\/wp\/v2\/media\/301146"}],"wp:attachment":[{"href":"https:\/\/www.evearly.news\/fr\/wp-json\/wp\/v2\/media?parent=301145"}],"wp:term":[{"taxonomy":"category","embeddable":true,"href":"https:\/\/www.evearly.news\/fr\/wp-json\/wp\/v2\/categories?post=301145"},{"taxonomy":"post_tag","embeddable":true,"href":"https:\/\/www.evearly.news\/fr\/wp-json\/wp\/v2\/tags?post=301145"}],"curies":[{"name":"wp","href":"https:\/\/api.w.org\/{rel}","templated":true}]}}