{"id":301185,"date":"2025-04-24T11:06:15","date_gmt":"2025-04-24T09:06:15","guid":{"rendered":"https:\/\/www.evearly.news\/fr\/5-minutes-darret-la-recharge-ultra-rapide-debarque-sur-ces-10-voitures-electriques\/"},"modified":"2025-04-24T11:06:15","modified_gmt":"2025-04-24T09:06:15","slug":"5-minutes-darret-la-recharge-ultra-rapide-debarque-sur-ces-10-voitures-electriques","status":"publish","type":"post","link":"https:\/\/www.evearly.news\/fr\/5-minutes-darret-la-recharge-ultra-rapide-debarque-sur-ces-10-voitures-electriques\/","title":{"rendered":"5 minutes d\u2019arr\u00eat : la \u00ab\u00a0recharge\u00a0\u00bb ultra-rapide d\u00e9barque sur ces 10 voitures \u00e9lectriques"},"content":{"rendered":"<p><img width=\"1200\" height=\"675\" src=\"https:\/\/www.evearly.news\/fr\/wp-content\/uploads\/sites\/6\/2025\/04\/5-minutes-darret-la-recharge-ultra-rapide-debarque-sur-ces-10-voitures-electriques.jpg\" class=\"attachment-full size-full wp-post-image\" alt=\"\" decoding=\"async\" loading=\"lazy\" \/<br \/>\nLa recharge des voitures en moins de 5 minutes passe \u00e0 la vitesse sup\u00e9rieure gr\u00e2ce \u00e0 CATL, le leader mondial des batteries de voitures \u00e9lectriques. 10 nouveaux mod\u00e8les sont d\u00e9sormais compatible avec cette technologie chinoise.<br \/>\n <a href=https:\/\/www.frandroid.com\/survoltes\/voitures-electriques\/2591797_5-minutes-darret-la-recharge-ultra-rapide-debarque-sur-ces-10-voitures-electriques target='blank'>Lire la suite&#8230;<\/a><\/p>\n","protected":false},"excerpt":{"rendered":"<p>&lt;img width=&quot;1200&quot; height=&quot;675&quot; src=&quot;https:\/\/www.evearly.news\/fr\/wp-content\/uploads\/sites\/6\/2025\/04\/5-minutes-darret-la-recharge-ultra-rapide-debarque-sur-ces-10-voitures-electriques.jpg&quot; class=&quot;attachment-full size-full wp-post-image&quot; alt=&quot;&quot; decoding=&quot;async&quot; loading=&quot;lazy&quot; \/<br \/>\nLa recharge des voitures en moins de 5 minutes passe \u00e0 la vitesse sup\u00e9rieure gr\u00e2ce \u00e0 CATL, le leader mondial des batteries de voitures \u00e9lectriques. 10 nouveaux mod\u00e8les sont d\u00e9sormais compatible avec cette technologie chinoise.\n<\/p>\n<p> <a class=\"continue-reading-link\" href=\"https:\/\/www.evearly.news\/fr\/5-minutes-darret-la-recharge-ultra-rapide-debarque-sur-ces-10-voitures-electriques\/\"><\/a><\/p>\n","protected":false},"author":6,"featured_media":301186,"comment_status":"closed","ping_status":"open","sticky":false,"template":"Default","format":"standard","meta":{"footnotes":""},"categories":[14],"tags":[],"class_list":["post-301185","post","type-post","status-publish","format-standard","has-post-thumbnail","hentry","category-frandroid"],"_links":{"self":[{"href":"https:\/\/www.evearly.news\/fr\/wp-json\/wp\/v2\/posts\/301185","targetHints":{"allow":["GET"]}}],"collection":[{"href":"https:\/\/www.evearly.news\/fr\/wp-json\/wp\/v2\/posts"}],"about":[{"href":"https:\/\/www.evearly.news\/fr\/wp-json\/wp\/v2\/types\/post"}],"author":[{"embeddable":true,"href":"https:\/\/www.evearly.news\/fr\/wp-json\/wp\/v2\/users\/6"}],"replies":[{"embeddable":true,"href":"https:\/\/www.evearly.news\/fr\/wp-json\/wp\/v2\/comments?post=301185"}],"version-history":[{"count":0,"href":"https:\/\/www.evearly.news\/fr\/wp-json\/wp\/v2\/posts\/301185\/revisions"}],"wp:featuredmedia":[{"embeddable":true,"href":"https:\/\/www.evearly.news\/fr\/wp-json\/wp\/v2\/media\/301186"}],"wp:attachment":[{"href":"https:\/\/www.evearly.news\/fr\/wp-json\/wp\/v2\/media?parent=301185"}],"wp:term":[{"taxonomy":"category","embeddable":true,"href":"https:\/\/www.evearly.news\/fr\/wp-json\/wp\/v2\/categories?post=301185"},{"taxonomy":"post_tag","embeddable":true,"href":"https:\/\/www.evearly.news\/fr\/wp-json\/wp\/v2\/tags?post=301185"}],"curies":[{"name":"wp","href":"https:\/\/api.w.org\/{rel}","templated":true}]}}