{"id":302352,"date":"2025-05-15T09:24:02","date_gmt":"2025-05-15T07:24:02","guid":{"rendered":"https:\/\/www.evearly.news\/fr\/bmw-et-mini-lancent-trois-nouveaux-rappels-pour-risque-dincendie-mais-vous-serez-peu-nombreux-a-devoir-passer-au-garage-en-france\/"},"modified":"2025-05-15T09:24:02","modified_gmt":"2025-05-15T07:24:02","slug":"bmw-et-mini-lancent-trois-nouveaux-rappels-pour-risque-dincendie-mais-vous-serez-peu-nombreux-a-devoir-passer-au-garage-en-france","status":"publish","type":"post","link":"https:\/\/www.evearly.news\/fr\/bmw-et-mini-lancent-trois-nouveaux-rappels-pour-risque-dincendie-mais-vous-serez-peu-nombreux-a-devoir-passer-au-garage-en-france\/","title":{"rendered":"BMW et Mini lancent trois nouveaux rappels pour risque d&rsquo;incendie mais vous serez peu nombreux \u00e0 devoir passer au garage en France"},"content":{"rendered":"<div class=\"media_block\"><img decoding=\"async\" src=\"https:\/\/www.evearly.news\/fr\/wp-content\/uploads\/sites\/6\/2025\/05\/bmw-et-mini-lancent-trois-nouveaux-rappels-pour-risque-dincendie-mais-vous-serez-peu-nombreux-a-devoir-passer-au-garage-en-france.jpg\"><\/div>\n<p>BMW fait partie des marques qui organisent le plus de rappels en Europe, et sa filiale Mini n&rsquo;est pas forc\u00e9ment en reste malgr\u00e9 sa gamme beaucoup moins large. Les deux constructeurs viennent ainsi de lancer trois nouvelles campagnes en Europe, pour des mod\u00e8les aussi vari\u00e9s que le dernier X3, le SUV \u00e9lectrique Aceman ou la nouvelle Mini. Mais le nombre d&rsquo;exemplaires qui devront passer au garage en France est assez faible \u00e0 chaque fois. D\u00e9couvrez si vous \u00eates susceptibles d&rsquo;\u00eatre concern\u00e9s. <a href=https:\/\/www.automobile-magazine.fr\/fiabilite-rappels\/article\/48040-bmw-et-mini-lancent-trois-nouveaux-rappels-pour-risque-dincendie-mais-vous-serez-peu-nombreux-a-devoir-passer-au-garage-en-france target='bwindow'>Lire la suite&#8230;<\/a><\/p>\n","protected":false},"excerpt":{"rendered":"<div class=\"media_block\"><img decoding=\"async\" src=\"https:\/\/www.evearly.news\/fr\/wp-content\/uploads\/sites\/6\/2025\/05\/bmw-et-mini-lancent-trois-nouveaux-rappels-pour-risque-dincendie-mais-vous-serez-peu-nombreux-a-devoir-passer-au-garage-en-france.jpg\"><\/div>\n<p> <a class=\"continue-reading-link\" href=\"https:\/\/www.evearly.news\/fr\/bmw-et-mini-lancent-trois-nouveaux-rappels-pour-risque-dincendie-mais-vous-serez-peu-nombreux-a-devoir-passer-au-garage-en-france\/\"><\/a><\/p>\n","protected":false},"author":7,"featured_media":302353,"comment_status":"closed","ping_status":"open","sticky":false,"template":"Default","format":"standard","meta":{"footnotes":""},"categories":[7],"tags":[],"class_list":["post-302352","post","type-post","status-publish","format-standard","has-post-thumbnail","hentry","category-automobile-magazine"],"_links":{"self":[{"href":"https:\/\/www.evearly.news\/fr\/wp-json\/wp\/v2\/posts\/302352","targetHints":{"allow":["GET"]}}],"collection":[{"href":"https:\/\/www.evearly.news\/fr\/wp-json\/wp\/v2\/posts"}],"about":[{"href":"https:\/\/www.evearly.news\/fr\/wp-json\/wp\/v2\/types\/post"}],"author":[{"embeddable":true,"href":"https:\/\/www.evearly.news\/fr\/wp-json\/wp\/v2\/users\/7"}],"replies":[{"embeddable":true,"href":"https:\/\/www.evearly.news\/fr\/wp-json\/wp\/v2\/comments?post=302352"}],"version-history":[{"count":0,"href":"https:\/\/www.evearly.news\/fr\/wp-json\/wp\/v2\/posts\/302352\/revisions"}],"wp:featuredmedia":[{"embeddable":true,"href":"https:\/\/www.evearly.news\/fr\/wp-json\/wp\/v2\/media\/302353"}],"wp:attachment":[{"href":"https:\/\/www.evearly.news\/fr\/wp-json\/wp\/v2\/media?parent=302352"}],"wp:term":[{"taxonomy":"category","embeddable":true,"href":"https:\/\/www.evearly.news\/fr\/wp-json\/wp\/v2\/categories?post=302352"},{"taxonomy":"post_tag","embeddable":true,"href":"https:\/\/www.evearly.news\/fr\/wp-json\/wp\/v2\/tags?post=302352"}],"curies":[{"name":"wp","href":"https:\/\/api.w.org\/{rel}","templated":true}]}}