{"id":302354,"date":"2025-05-15T09:25:03","date_gmt":"2025-05-15T07:25:03","guid":{"rendered":"https:\/\/www.evearly.news\/fr\/essai-renault-4-electrique-derriere-la-nostalgie-une-vraie-petite-familiale-pleine-de-bon-sens\/"},"modified":"2025-05-15T09:25:03","modified_gmt":"2025-05-15T07:25:03","slug":"essai-renault-4-electrique-derriere-la-nostalgie-une-vraie-petite-familiale-pleine-de-bon-sens","status":"publish","type":"post","link":"https:\/\/www.evearly.news\/fr\/essai-renault-4-electrique-derriere-la-nostalgie-une-vraie-petite-familiale-pleine-de-bon-sens\/","title":{"rendered":"Essai Renault 4 \u00e9lectrique : derri\u00e8re la nostalgie, une vraie petite familiale pleine de bon sens"},"content":{"rendered":"<div class=\"media_block\"><img decoding=\"async\" src=\"https:\/\/www.evearly.news\/fr\/wp-content\/uploads\/sites\/6\/2025\/05\/essai-renault-4-electrique-derriere-la-nostalgie-une-vraie-petite-familiale-pleine-de-bon-sens.jpg\"><\/div>\n<p>Version \u201clongue\u201d de la R5, le nouveau petit SUV Renault 100% \u00e9lectrique affiche le bon sens et la praticit\u00e9 qui ont fait le succ\u00e8s de sa matrice. Mais, derri\u00e8re son bel agr\u00e9ment de conduite, sa polyvalence est limit\u00e9e par sa batterie de 52 kWh. <a href=https:\/\/www.automobile-magazine.fr\/tous-les-essais\/article\/48039-essai-renault-4-electrique-derriere-la-nostalgie-une-vraie-petite-familiale-pleine-de-bon-sens target='bwindow'>Lire la suite&#8230;<\/a><\/p>\n","protected":false},"excerpt":{"rendered":"<div class=\"media_block\"><img decoding=\"async\" src=\"https:\/\/www.evearly.news\/fr\/wp-content\/uploads\/sites\/6\/2025\/05\/essai-renault-4-electrique-derriere-la-nostalgie-une-vraie-petite-familiale-pleine-de-bon-sens.jpg\"><\/div>\n<p> <a class=\"continue-reading-link\" href=\"https:\/\/www.evearly.news\/fr\/essai-renault-4-electrique-derriere-la-nostalgie-une-vraie-petite-familiale-pleine-de-bon-sens\/\"><\/a><\/p>\n","protected":false},"author":7,"featured_media":302355,"comment_status":"closed","ping_status":"open","sticky":false,"template":"Default","format":"standard","meta":{"footnotes":""},"categories":[7],"tags":[],"class_list":["post-302354","post","type-post","status-publish","format-standard","has-post-thumbnail","hentry","category-automobile-magazine"],"_links":{"self":[{"href":"https:\/\/www.evearly.news\/fr\/wp-json\/wp\/v2\/posts\/302354","targetHints":{"allow":["GET"]}}],"collection":[{"href":"https:\/\/www.evearly.news\/fr\/wp-json\/wp\/v2\/posts"}],"about":[{"href":"https:\/\/www.evearly.news\/fr\/wp-json\/wp\/v2\/types\/post"}],"author":[{"embeddable":true,"href":"https:\/\/www.evearly.news\/fr\/wp-json\/wp\/v2\/users\/7"}],"replies":[{"embeddable":true,"href":"https:\/\/www.evearly.news\/fr\/wp-json\/wp\/v2\/comments?post=302354"}],"version-history":[{"count":0,"href":"https:\/\/www.evearly.news\/fr\/wp-json\/wp\/v2\/posts\/302354\/revisions"}],"wp:featuredmedia":[{"embeddable":true,"href":"https:\/\/www.evearly.news\/fr\/wp-json\/wp\/v2\/media\/302355"}],"wp:attachment":[{"href":"https:\/\/www.evearly.news\/fr\/wp-json\/wp\/v2\/media?parent=302354"}],"wp:term":[{"taxonomy":"category","embeddable":true,"href":"https:\/\/www.evearly.news\/fr\/wp-json\/wp\/v2\/categories?post=302354"},{"taxonomy":"post_tag","embeddable":true,"href":"https:\/\/www.evearly.news\/fr\/wp-json\/wp\/v2\/tags?post=302354"}],"curies":[{"name":"wp","href":"https:\/\/api.w.org\/{rel}","templated":true}]}}