{"id":302360,"date":"2025-05-15T09:37:59","date_gmt":"2025-05-15T07:37:59","guid":{"rendered":"https:\/\/www.evearly.news\/fr\/stellantis-fait-marche-arriere-sur-le-100-electrique-lhybride-revient-en-force\/"},"modified":"2025-05-15T09:37:59","modified_gmt":"2025-05-15T07:37:59","slug":"stellantis-fait-marche-arriere-sur-le-100-electrique-lhybride-revient-en-force","status":"publish","type":"post","link":"https:\/\/www.evearly.news\/fr\/stellantis-fait-marche-arriere-sur-le-100-electrique-lhybride-revient-en-force\/","title":{"rendered":"Stellantis fait marche arri\u00e8re sur le 100 % \u00e9lectrique, l\u2019hybride revient en force"},"content":{"rendered":"<p><img width=\"1200\" height=\"675\" src=\"https:\/\/www.evearly.news\/fr\/wp-content\/uploads\/sites\/6\/2025\/05\/stellantis-fait-marche-arriere-sur-le-100-electrique-lhybride-revient-en-force.jpg\" class=\"attachment-full size-full wp-post-image\" alt=\"\" decoding=\"async\" loading=\"lazy\" \/<br \/>\nDans les bureaux de Stellantis, les plans changent. L&rsquo;\u00e9lectrique pur, c&rsquo;\u00e9tait hier. Demain, l&rsquo;hybride revient en force. La r\u00e9volution que promettait Carlos Tavares ferait place \u00e0 la prudence de ses successeurs.<br \/>\n <a href=https:\/\/www.frandroid.com\/survoltes\/voitures-electriques\/2615457_lerreur-fatale-de-stellantis-face-a-renault-sur-le-100-electrique-le-groupe-automobile-repousse-sa-transition target='blank'>Lire la suite&#8230;<\/a><\/p>\n","protected":false},"excerpt":{"rendered":"<p>&lt;img width=&quot;1200&quot; height=&quot;675&quot; src=&quot;https:\/\/www.evearly.news\/fr\/wp-content\/uploads\/sites\/6\/2025\/05\/stellantis-fait-marche-arriere-sur-le-100-electrique-lhybride-revient-en-force.jpg&quot; class=&quot;attachment-full size-full wp-post-image&quot; alt=&quot;&quot; decoding=&quot;async&quot; loading=&quot;lazy&quot; \/<br \/>\nDans les bureaux de Stellantis, les plans changent. L&rsquo;\u00e9lectrique pur, c&rsquo;\u00e9tait hier. Demain, l&rsquo;hybride revient en force. La r\u00e9volution que promettait Carlos Tavares ferait place \u00e0 la prudence de ses successeurs.\n<\/p>\n<p> <a class=\"continue-reading-link\" href=\"https:\/\/www.evearly.news\/fr\/stellantis-fait-marche-arriere-sur-le-100-electrique-lhybride-revient-en-force\/\"><\/a><\/p>\n","protected":false},"author":6,"featured_media":302361,"comment_status":"closed","ping_status":"open","sticky":false,"template":"Default","format":"standard","meta":{"footnotes":""},"categories":[14],"tags":[],"class_list":["post-302360","post","type-post","status-publish","format-standard","has-post-thumbnail","hentry","category-frandroid"],"_links":{"self":[{"href":"https:\/\/www.evearly.news\/fr\/wp-json\/wp\/v2\/posts\/302360","targetHints":{"allow":["GET"]}}],"collection":[{"href":"https:\/\/www.evearly.news\/fr\/wp-json\/wp\/v2\/posts"}],"about":[{"href":"https:\/\/www.evearly.news\/fr\/wp-json\/wp\/v2\/types\/post"}],"author":[{"embeddable":true,"href":"https:\/\/www.evearly.news\/fr\/wp-json\/wp\/v2\/users\/6"}],"replies":[{"embeddable":true,"href":"https:\/\/www.evearly.news\/fr\/wp-json\/wp\/v2\/comments?post=302360"}],"version-history":[{"count":0,"href":"https:\/\/www.evearly.news\/fr\/wp-json\/wp\/v2\/posts\/302360\/revisions"}],"wp:featuredmedia":[{"embeddable":true,"href":"https:\/\/www.evearly.news\/fr\/wp-json\/wp\/v2\/media\/302361"}],"wp:attachment":[{"href":"https:\/\/www.evearly.news\/fr\/wp-json\/wp\/v2\/media?parent=302360"}],"wp:term":[{"taxonomy":"category","embeddable":true,"href":"https:\/\/www.evearly.news\/fr\/wp-json\/wp\/v2\/categories?post=302360"},{"taxonomy":"post_tag","embeddable":true,"href":"https:\/\/www.evearly.news\/fr\/wp-json\/wp\/v2\/tags?post=302360"}],"curies":[{"name":"wp","href":"https:\/\/api.w.org\/{rel}","templated":true}]}}