{"id":303987,"date":"2025-06-12T18:53:50","date_gmt":"2025-06-12T16:53:50","guid":{"rendered":"https:\/\/www.evearly.news\/fr\/hyundai-donne-un-apercu-de-sa-prochaine-sportive-electrique-ioniq-6-n\/"},"modified":"2025-06-12T18:53:50","modified_gmt":"2025-06-12T16:53:50","slug":"hyundai-donne-un-apercu-de-sa-prochaine-sportive-electrique-ioniq-6-n","status":"publish","type":"post","link":"https:\/\/www.evearly.news\/fr\/hyundai-donne-un-apercu-de-sa-prochaine-sportive-electrique-ioniq-6-n\/","title":{"rendered":"Hyundai donne un aper\u00e7u de sa prochaine sportive \u00e9lectrique Ioniq 6 N"},"content":{"rendered":"<p><img loading=\"lazy\" decoding=\"async\" width=\"500\" height=\"333\" src=\"https:\/\/www.evearly.news\/fr\/wp-content\/uploads\/sites\/6\/2025\/06\/hyundai-donne-un-apercu-de-sa-prochaine-sportive-electrique-ioniq-6-n.jpg\" class=\"attachment-1200x800 size-1200x800 wp-post-image\" alt=\"\" srcset=\"https:\/\/www.evearly.news\/fr\/wp-content\/uploads\/sites\/6\/2025\/06\/hyundai-donne-un-apercu-de-sa-prochaine-sportive-electrique-ioniq-6-n.jpg 2048w, https:\/\/www.evearly.news\/fr\/wp-content\/uploads\/sites\/6\/2025\/06\/hyundai-donne-un-apercu-de-sa-prochaine-sportive-electrique-ioniq-6-n-1.jpg 1640w, https:\/\/www.evearly.news\/fr\/wp-content\/uploads\/sites\/6\/2025\/06\/hyundai-donne-un-apercu-de-sa-prochaine-sportive-electrique-ioniq-6-n-2.jpg 1024w, https:\/\/www.evearly.news\/fr\/wp-content\/uploads\/sites\/6\/2025\/06\/hyundai-donne-un-apercu-de-sa-prochaine-sportive-electrique-ioniq-6-n-3.jpg 768w, https:\/\/www.evearly.news\/fr\/wp-content\/uploads\/sites\/6\/2025\/06\/hyundai-donne-un-apercu-de-sa-prochaine-sportive-electrique-ioniq-6-n-4.jpg 1536w, https:\/\/cdn.automobile-propre.com\/uploads\/2025\/06\/Large-66297-HyundaiMotorTeasestheAll-NewIONIQ6NProvidingGlimpseofNsUpcomingHigh-PerformanceEV-scaled-e1749726054264-620x347.jpg 620w\" sizes=\"auto, (max-width: 1200px) 100vw, 1200px\" \/><br \/>\nOn conna\u00eet la Hyundai Ioniq 5 N, on attend d\u00e9sormais la Ioniq 6 N. La firme sud-cor\u00e9enne vient de r\u00e9v\u00e9ler de premi\u00e8res images officielles du futur bolide.\u00a0<a href=https:\/\/www.automobile-propre.com\/breves\/hyundai-donne-un-premier-apercu-de-la-ioniq-6-n-avant-sa-presentation-officielle-a-goodwood\/ target='bwindow'>Lire la suite&#8230;<\/a><\/p>\n","protected":false},"excerpt":{"rendered":"<p>&#8230; <a class=\"continue-reading-link\" href=\"https:\/\/www.evearly.news\/fr\/hyundai-donne-un-apercu-de-sa-prochaine-sportive-electrique-ioniq-6-n\/\"><\/a><\/p>\n","protected":false},"author":8,"featured_media":303988,"comment_status":"closed","ping_status":"open","sticky":false,"template":"Default","format":"standard","meta":{"footnotes":""},"categories":[8],"tags":[],"class_list":["post-303987","post","type-post","status-publish","format-standard","has-post-thumbnail","hentry","category-automobile-propre"],"_links":{"self":[{"href":"https:\/\/www.evearly.news\/fr\/wp-json\/wp\/v2\/posts\/303987","targetHints":{"allow":["GET"]}}],"collection":[{"href":"https:\/\/www.evearly.news\/fr\/wp-json\/wp\/v2\/posts"}],"about":[{"href":"https:\/\/www.evearly.news\/fr\/wp-json\/wp\/v2\/types\/post"}],"author":[{"embeddable":true,"href":"https:\/\/www.evearly.news\/fr\/wp-json\/wp\/v2\/users\/8"}],"replies":[{"embeddable":true,"href":"https:\/\/www.evearly.news\/fr\/wp-json\/wp\/v2\/comments?post=303987"}],"version-history":[{"count":0,"href":"https:\/\/www.evearly.news\/fr\/wp-json\/wp\/v2\/posts\/303987\/revisions"}],"wp:featuredmedia":[{"embeddable":true,"href":"https:\/\/www.evearly.news\/fr\/wp-json\/wp\/v2\/media\/303988"}],"wp:attachment":[{"href":"https:\/\/www.evearly.news\/fr\/wp-json\/wp\/v2\/media?parent=303987"}],"wp:term":[{"taxonomy":"category","embeddable":true,"href":"https:\/\/www.evearly.news\/fr\/wp-json\/wp\/v2\/categories?post=303987"},{"taxonomy":"post_tag","embeddable":true,"href":"https:\/\/www.evearly.news\/fr\/wp-json\/wp\/v2\/tags?post=303987"}],"curies":[{"name":"wp","href":"https:\/\/api.w.org\/{rel}","templated":true}]}}