{"id":304290,"date":"2025-06-18T15:21:46","date_gmt":"2025-06-18T13:21:46","guid":{"rendered":"https:\/\/www.evearly.news\/fr\/les-constructeurs-seront-bientot-obliges-dutiliser-du-plastique-recycle-dans-leurs-autos\/"},"modified":"2025-06-18T15:21:46","modified_gmt":"2025-06-18T13:21:46","slug":"les-constructeurs-seront-bientot-obliges-dutiliser-du-plastique-recycle-dans-leurs-autos","status":"publish","type":"post","link":"https:\/\/www.evearly.news\/fr\/les-constructeurs-seront-bientot-obliges-dutiliser-du-plastique-recycle-dans-leurs-autos\/","title":{"rendered":"Les constructeurs seront bient\u00f4t oblig\u00e9s d\u2019utiliser du plastique recycl\u00e9 dans leurs autos"},"content":{"rendered":"<p><img loading=\"lazy\" decoding=\"async\" width=\"500\" height=\"333\" src=\"https:\/\/www.evearly.news\/fr\/wp-content\/uploads\/sites\/6\/2025\/06\/les-constructeurs-seront-bientot-obliges-dutiliser-du-plastique-recycle-dans-leurs-autos.jpg\" class=\"attachment-1200x800 size-1200x800 wp-post-image\" alt=\"\" srcset=\"https:\/\/www.evearly.news\/fr\/wp-content\/uploads\/sites\/6\/2025\/06\/les-constructeurs-seront-bientot-obliges-dutiliser-du-plastique-recycle-dans-leurs-autos.jpg 1920w, https:\/\/www.evearly.news\/fr\/wp-content\/uploads\/sites\/6\/2025\/06\/les-constructeurs-seront-bientot-obliges-dutiliser-du-plastique-recycle-dans-leurs-autos-1.jpg 1640w, https:\/\/www.evearly.news\/fr\/wp-content\/uploads\/sites\/6\/2025\/06\/les-constructeurs-seront-bientot-obliges-dutiliser-du-plastique-recycle-dans-leurs-autos-2.jpg 1024w, https:\/\/www.evearly.news\/fr\/wp-content\/uploads\/sites\/6\/2025\/06\/les-constructeurs-seront-bientot-obliges-dutiliser-du-plastique-recycle-dans-leurs-autos-3.jpg 768w, https:\/\/www.evearly.news\/fr\/wp-content\/uploads\/sites\/6\/2025\/06\/les-constructeurs-seront-bientot-obliges-dutiliser-du-plastique-recycle-dans-leurs-autos-4.jpg 1536w, https:\/\/cdn.automobile-propre.com\/uploads\/2025\/06\/kia-evday-concept-ev4-int-2-620x349.jpg 620w\" sizes=\"auto, (max-width: 1200px) 100vw, 1200px\" \/><br \/>\nLes 27 \u00c9tats membres de l&rsquo;Union europ\u00e9enne viennent de s&rsquo;accorder pour obliger les marques automobiles \u00e0 utiliser du plastique recycl\u00e9 dans leurs v\u00e9hicules. D&rsquo;ici dix ans, 25 % du plastique utilis\u00e9 dans les voitures devra donc provenir du recyclage.\u00a0<a href=https:\/\/www.automobile-propre.com\/breves\/en-europe-les-constructeurs-sont-desormais-obliges-dutiliser-du-plastique-recycle-dans-leurs-autos\/ target='bwindow'>Lire la suite&#8230;<\/a><\/p>\n","protected":false},"excerpt":{"rendered":"<p>&#8230; <a class=\"continue-reading-link\" href=\"https:\/\/www.evearly.news\/fr\/les-constructeurs-seront-bientot-obliges-dutiliser-du-plastique-recycle-dans-leurs-autos\/\"><\/a><\/p>\n","protected":false},"author":8,"featured_media":304291,"comment_status":"closed","ping_status":"open","sticky":false,"template":"Default","format":"standard","meta":{"footnotes":""},"categories":[8],"tags":[],"class_list":["post-304290","post","type-post","status-publish","format-standard","has-post-thumbnail","hentry","category-automobile-propre"],"_links":{"self":[{"href":"https:\/\/www.evearly.news\/fr\/wp-json\/wp\/v2\/posts\/304290","targetHints":{"allow":["GET"]}}],"collection":[{"href":"https:\/\/www.evearly.news\/fr\/wp-json\/wp\/v2\/posts"}],"about":[{"href":"https:\/\/www.evearly.news\/fr\/wp-json\/wp\/v2\/types\/post"}],"author":[{"embeddable":true,"href":"https:\/\/www.evearly.news\/fr\/wp-json\/wp\/v2\/users\/8"}],"replies":[{"embeddable":true,"href":"https:\/\/www.evearly.news\/fr\/wp-json\/wp\/v2\/comments?post=304290"}],"version-history":[{"count":0,"href":"https:\/\/www.evearly.news\/fr\/wp-json\/wp\/v2\/posts\/304290\/revisions"}],"wp:featuredmedia":[{"embeddable":true,"href":"https:\/\/www.evearly.news\/fr\/wp-json\/wp\/v2\/media\/304291"}],"wp:attachment":[{"href":"https:\/\/www.evearly.news\/fr\/wp-json\/wp\/v2\/media?parent=304290"}],"wp:term":[{"taxonomy":"category","embeddable":true,"href":"https:\/\/www.evearly.news\/fr\/wp-json\/wp\/v2\/categories?post=304290"},{"taxonomy":"post_tag","embeddable":true,"href":"https:\/\/www.evearly.news\/fr\/wp-json\/wp\/v2\/tags?post=304290"}],"curies":[{"name":"wp","href":"https:\/\/api.w.org\/{rel}","templated":true}]}}