{"id":304787,"date":"2025-06-27T13:57:39","date_gmt":"2025-06-27T11:57:39","guid":{"rendered":"https:\/\/www.evearly.news\/fr\/leasing-social-pour-les-voitures-electriques-stellantis-promet-16-modeles-eligibles-mais-ne-connait-meme-pas-les-regles\/"},"modified":"2025-06-27T13:57:39","modified_gmt":"2025-06-27T11:57:39","slug":"leasing-social-pour-les-voitures-electriques-stellantis-promet-16-modeles-eligibles-mais-ne-connait-meme-pas-les-regles","status":"publish","type":"post","link":"https:\/\/www.evearly.news\/fr\/leasing-social-pour-les-voitures-electriques-stellantis-promet-16-modeles-eligibles-mais-ne-connait-meme-pas-les-regles\/","title":{"rendered":"Leasing social pour les voitures \u00e9lectriques : Stellantis promet 16 mod\u00e8les \u00e9ligibles mais ne connait m\u00eame pas les r\u00e8gles"},"content":{"rendered":"<div class=\"media_block\"><img decoding=\"async\" src=\"https:\/\/www.evearly.news\/fr\/wp-content\/uploads\/sites\/6\/2025\/06\/leasing-social-pour-les-voitures-electriques-stellantis-promet-16-modeles-eligibles-mais-ne-connait-meme-pas-les-regles.jpg\"><\/div>\n<p>Si le leasing social a \u00e9t\u00e9 confirm\u00e9 pour cinq ann\u00e9es suppl\u00e9mentaires en France avec un financement par un quotas de CEE, le montant exact des aides et les crit\u00e8res d&rsquo;\u00e9ligibilit\u00e9 n&rsquo;ont pas encore \u00e9t\u00e9 confirm\u00e9s. Pourtant, Stellantis d\u00e9clare d\u00e9j\u00e0 avoir 16 mod\u00e8les qui pourront \u00eatre propos\u00e9s aux clients fran\u00e7ais dans le dispositif du leasing social. Une sortie risqu\u00e9e pour le groupe fran\u00e7ais qui prend d\u00e9j\u00e0 des paris ? <a href=https:\/\/www.automobile-magazine.fr\/voitures-electriques\/article\/48572-leasing-social-pour-les-voitures-electriques-stellantis-promet-16-modeles-eligibles-mais-ne-connait-meme-pas-les-regles target='bwindow'>Lire la suite&#8230;<\/a><\/p>\n","protected":false},"excerpt":{"rendered":"<div class=\"media_block\"><img decoding=\"async\" src=\"https:\/\/www.evearly.news\/fr\/wp-content\/uploads\/sites\/6\/2025\/06\/leasing-social-pour-les-voitures-electriques-stellantis-promet-16-modeles-eligibles-mais-ne-connait-meme-pas-les-regles.jpg\"><\/div>\n<p> <a class=\"continue-reading-link\" href=\"https:\/\/www.evearly.news\/fr\/leasing-social-pour-les-voitures-electriques-stellantis-promet-16-modeles-eligibles-mais-ne-connait-meme-pas-les-regles\/\"><\/a><\/p>\n","protected":false},"author":7,"featured_media":304788,"comment_status":"closed","ping_status":"open","sticky":false,"template":"Default","format":"standard","meta":{"footnotes":""},"categories":[7],"tags":[],"class_list":["post-304787","post","type-post","status-publish","format-standard","has-post-thumbnail","hentry","category-automobile-magazine"],"_links":{"self":[{"href":"https:\/\/www.evearly.news\/fr\/wp-json\/wp\/v2\/posts\/304787","targetHints":{"allow":["GET"]}}],"collection":[{"href":"https:\/\/www.evearly.news\/fr\/wp-json\/wp\/v2\/posts"}],"about":[{"href":"https:\/\/www.evearly.news\/fr\/wp-json\/wp\/v2\/types\/post"}],"author":[{"embeddable":true,"href":"https:\/\/www.evearly.news\/fr\/wp-json\/wp\/v2\/users\/7"}],"replies":[{"embeddable":true,"href":"https:\/\/www.evearly.news\/fr\/wp-json\/wp\/v2\/comments?post=304787"}],"version-history":[{"count":0,"href":"https:\/\/www.evearly.news\/fr\/wp-json\/wp\/v2\/posts\/304787\/revisions"}],"wp:featuredmedia":[{"embeddable":true,"href":"https:\/\/www.evearly.news\/fr\/wp-json\/wp\/v2\/media\/304788"}],"wp:attachment":[{"href":"https:\/\/www.evearly.news\/fr\/wp-json\/wp\/v2\/media?parent=304787"}],"wp:term":[{"taxonomy":"category","embeddable":true,"href":"https:\/\/www.evearly.news\/fr\/wp-json\/wp\/v2\/categories?post=304787"},{"taxonomy":"post_tag","embeddable":true,"href":"https:\/\/www.evearly.news\/fr\/wp-json\/wp\/v2\/tags?post=304787"}],"curies":[{"name":"wp","href":"https:\/\/api.w.org\/{rel}","templated":true}]}}