{"id":304791,"date":"2025-06-27T15:52:00","date_gmt":"2025-06-27T13:52:00","guid":{"rendered":"https:\/\/www.evearly.news\/fr\/bonne-nouvelle-le-secteur-des-bornes-de-recharge-genere-de-plus-en-plus-demplois-en-france\/"},"modified":"2025-06-27T15:52:00","modified_gmt":"2025-06-27T13:52:00","slug":"bonne-nouvelle-le-secteur-des-bornes-de-recharge-genere-de-plus-en-plus-demplois-en-france","status":"publish","type":"post","link":"https:\/\/www.evearly.news\/fr\/bonne-nouvelle-le-secteur-des-bornes-de-recharge-genere-de-plus-en-plus-demplois-en-france\/","title":{"rendered":"Bonne nouvelle : le secteur des bornes de recharge g\u00e9n\u00e8re de plus en plus d\u2019emplois en France"},"content":{"rendered":"<p><img decoding=\"async\" width=\"500\" height=\"333\" src=\"https:\/\/www.evearly.news\/fr\/wp-content\/uploads\/sites\/6\/2025\/06\/bonne-nouvelle-le-secteur-des-bornes-de-recharge-genere-de-plus-en-plus-demplois-en-france.jpg\" class=\"attachment-1200x800 size-1200x800 wp-post-image\" alt=\"\" loading=\"lazy\" srcset=\"https:\/\/www.evearly.news\/fr\/wp-content\/uploads\/sites\/6\/2025\/06\/bonne-nouvelle-le-secteur-des-bornes-de-recharge-genere-de-plus-en-plus-demplois-en-france.jpg 1200w, https:\/\/www.evearly.news\/fr\/wp-content\/uploads\/sites\/6\/2025\/06\/bonne-nouvelle-le-secteur-des-bornes-de-recharge-genere-de-plus-en-plus-demplois-en-france-1.jpg 1024w, https:\/\/www.evearly.news\/fr\/wp-content\/uploads\/sites\/6\/2025\/06\/bonne-nouvelle-le-secteur-des-bornes-de-recharge-genere-de-plus-en-plus-demplois-en-france-2.jpg 140w, https:\/\/www.evearly.news\/fr\/wp-content\/uploads\/sites\/6\/2025\/06\/bonne-nouvelle-le-secteur-des-bornes-de-recharge-genere-de-plus-en-plus-demplois-en-france-3.jpg 768w, https:\/\/www.evearly.news\/fr\/wp-content\/uploads\/sites\/6\/2025\/06\/bonne-nouvelle-le-secteur-des-bornes-de-recharge-genere-de-plus-en-plus-demplois-en-france-4.jpg 620w, https:\/\/www.evearly.news\/fr\/wp-content\/uploads\/sites\/6\/2025\/06\/bonne-nouvelle-le-secteur-des-bornes-de-recharge-genere-de-plus-en-plus-demplois-en-france-5.jpg 100w, https:\/\/www.evearly.news\/fr\/wp-content\/uploads\/sites\/6\/2025\/06\/bonne-nouvelle-le-secteur-des-bornes-de-recharge-genere-de-plus-en-plus-demplois-en-france-6.jpg 190w, https:\/\/cdn.automobile-propre.com\/uploads\/2025\/03\/Essai-Supertest-BYD-Sealion-7-41-600x400.jpg 600w\" sizes=\"auto, (max-width: 1200px) 100vw, 1200px\" \/><br \/>\nAvec le d\u00e9veloppement des bornes de recharge, la fili\u00e8re IRVE (Infrastructure de Recharge pour V\u00e9hicules \u00c9lectriques) conna\u00eet une progression rapide\u2026\u00a0<a href=https:\/\/www.automobile-propre.com\/articles\/bonne-nouvelle-le-secteur-des-bornes-de-recharge-genere-de-plus-en-plus-demplois-en-france\/ target='bwindow'>Lire la suite&#8230;<\/a><\/p>\n","protected":false},"excerpt":{"rendered":"<p>&#8230; <a class=\"continue-reading-link\" href=\"https:\/\/www.evearly.news\/fr\/bonne-nouvelle-le-secteur-des-bornes-de-recharge-genere-de-plus-en-plus-demplois-en-france\/\"><\/a><\/p>\n","protected":false},"author":8,"featured_media":304792,"comment_status":"closed","ping_status":"open","sticky":false,"template":"Default","format":"standard","meta":{"footnotes":""},"categories":[8],"tags":[],"class_list":["post-304791","post","type-post","status-publish","format-standard","has-post-thumbnail","hentry","category-automobile-propre"],"_links":{"self":[{"href":"https:\/\/www.evearly.news\/fr\/wp-json\/wp\/v2\/posts\/304791","targetHints":{"allow":["GET"]}}],"collection":[{"href":"https:\/\/www.evearly.news\/fr\/wp-json\/wp\/v2\/posts"}],"about":[{"href":"https:\/\/www.evearly.news\/fr\/wp-json\/wp\/v2\/types\/post"}],"author":[{"embeddable":true,"href":"https:\/\/www.evearly.news\/fr\/wp-json\/wp\/v2\/users\/8"}],"replies":[{"embeddable":true,"href":"https:\/\/www.evearly.news\/fr\/wp-json\/wp\/v2\/comments?post=304791"}],"version-history":[{"count":0,"href":"https:\/\/www.evearly.news\/fr\/wp-json\/wp\/v2\/posts\/304791\/revisions"}],"wp:featuredmedia":[{"embeddable":true,"href":"https:\/\/www.evearly.news\/fr\/wp-json\/wp\/v2\/media\/304792"}],"wp:attachment":[{"href":"https:\/\/www.evearly.news\/fr\/wp-json\/wp\/v2\/media?parent=304791"}],"wp:term":[{"taxonomy":"category","embeddable":true,"href":"https:\/\/www.evearly.news\/fr\/wp-json\/wp\/v2\/categories?post=304791"},{"taxonomy":"post_tag","embeddable":true,"href":"https:\/\/www.evearly.news\/fr\/wp-json\/wp\/v2\/tags?post=304791"}],"curies":[{"name":"wp","href":"https:\/\/api.w.org\/{rel}","templated":true}]}}