{"id":306745,"date":"2025-07-27T11:58:26","date_gmt":"2025-07-27T09:58:26","guid":{"rendered":"https:\/\/www.evearly.news\/fr\/il-est-si-riche-quil-oublie-sa-ferrari-chez-le-garagiste-pendant-10-ans\/"},"modified":"2025-07-27T11:58:26","modified_gmt":"2025-07-27T09:58:26","slug":"il-est-si-riche-quil-oublie-sa-ferrari-chez-le-garagiste-pendant-10-ans","status":"publish","type":"post","link":"https:\/\/www.evearly.news\/fr\/il-est-si-riche-quil-oublie-sa-ferrari-chez-le-garagiste-pendant-10-ans\/","title":{"rendered":"Il est si riche qu\u2019il oublie sa Ferrari chez le garagiste pendant 10 ans"},"content":{"rendered":"<p><img loading=\"lazy\" width=\"1500\" height=\"1000\" src=\"https:\/\/www.evearly.news\/fr\/wp-content\/uploads\/sites\/6\/2025\/07\/il-est-si-riche-quil-oublie-sa-ferrari-chez-le-garagiste-pendant-10-ans.jpg\" class=\"attachment-full size-full wp-post-image\" alt=\"Ferrari\" decoding=\"async\" srcset=\"https:\/\/www.evearly.news\/fr\/wp-content\/uploads\/sites\/6\/2025\/07\/il-est-si-riche-quil-oublie-sa-ferrari-chez-le-garagiste-pendant-10-ans.jpg 1500w, https:\/\/www.evearly.news\/fr\/wp-content\/uploads\/sites\/6\/2025\/07\/il-est-si-riche-quil-oublie-sa-ferrari-chez-le-garagiste-pendant-10-ans-1.jpg 384w, https:\/\/www.evearly.news\/fr\/wp-content\/uploads\/sites\/6\/2025\/07\/il-est-si-riche-quil-oublie-sa-ferrari-chez-le-garagiste-pendant-10-ans-2.jpg 880w, https:\/\/www.evearly.news\/fr\/wp-content\/uploads\/sites\/6\/2025\/07\/il-est-si-riche-quil-oublie-sa-ferrari-chez-le-garagiste-pendant-10-ans-3.jpg 50w, https:\/\/www.evearly.news\/fr\/wp-content\/uploads\/sites\/6\/2025\/07\/il-est-si-riche-quil-oublie-sa-ferrari-chez-le-garagiste-pendant-10-ans-4.jpg 640w, https:\/\/www.presse-citron.net\/app\/uploads\/2024\/02\/ferrari-1280x853.jpg 1280w\" sizes=\"auto, (max-width: 1500px) 100vw, 1500px\"><\/p>\n<p>Il a litt\u00e9ralement oubli\u00e9 l\u2019existence de sa Ferrari F40 dans un garage. Une amn\u00e9sie qui aura dur\u00e9 une d\u00e9cennie enti\u00e8re.<a href=\"https:\/\/www.presse-citron.net\/il-est-si-riche-quil-oublie-sa-ferrari-chez-le-garagiste-pendant-10-ans\/\" target=blank> Lire la suite&#8230;<\/a><\/p>\n","protected":false},"excerpt":{"rendered":"<p>Il a litt\u00e9ralement oubli\u00e9 l\u2019existence de sa Ferrari F40 dans un garage. Une amn\u00e9sie qui aura dur\u00e9 une d\u00e9cennie enti\u00e8re&#8230;. <a class=\"continue-reading-link\" href=\"https:\/\/www.evearly.news\/fr\/il-est-si-riche-quil-oublie-sa-ferrari-chez-le-garagiste-pendant-10-ans\/\"><\/a><\/p>\n","protected":false},"author":18,"featured_media":306746,"comment_status":"closed","ping_status":"open","sticky":false,"template":"Default","format":"standard","meta":{"footnotes":""},"categories":[19],"tags":[],"class_list":["post-306745","post","type-post","status-publish","format-standard","has-post-thumbnail","hentry","category-presse-citron"],"_links":{"self":[{"href":"https:\/\/www.evearly.news\/fr\/wp-json\/wp\/v2\/posts\/306745","targetHints":{"allow":["GET"]}}],"collection":[{"href":"https:\/\/www.evearly.news\/fr\/wp-json\/wp\/v2\/posts"}],"about":[{"href":"https:\/\/www.evearly.news\/fr\/wp-json\/wp\/v2\/types\/post"}],"author":[{"embeddable":true,"href":"https:\/\/www.evearly.news\/fr\/wp-json\/wp\/v2\/users\/18"}],"replies":[{"embeddable":true,"href":"https:\/\/www.evearly.news\/fr\/wp-json\/wp\/v2\/comments?post=306745"}],"version-history":[{"count":0,"href":"https:\/\/www.evearly.news\/fr\/wp-json\/wp\/v2\/posts\/306745\/revisions"}],"wp:featuredmedia":[{"embeddable":true,"href":"https:\/\/www.evearly.news\/fr\/wp-json\/wp\/v2\/media\/306746"}],"wp:attachment":[{"href":"https:\/\/www.evearly.news\/fr\/wp-json\/wp\/v2\/media?parent=306745"}],"wp:term":[{"taxonomy":"category","embeddable":true,"href":"https:\/\/www.evearly.news\/fr\/wp-json\/wp\/v2\/categories?post=306745"},{"taxonomy":"post_tag","embeddable":true,"href":"https:\/\/www.evearly.news\/fr\/wp-json\/wp\/v2\/tags?post=306745"}],"curies":[{"name":"wp","href":"https:\/\/api.w.org\/{rel}","templated":true}]}}