{"id":306816,"date":"2025-07-28T16:29:43","date_gmt":"2025-07-28T14:29:43","guid":{"rendered":"https:\/\/www.evearly.news\/fr\/cest-comme-piloter-dans-un-jeu-video-comment-la-r5-turbo-electrique-pourrait-marquer-lhistoire-selon-le-patron-de-renault\/"},"modified":"2025-07-28T16:29:43","modified_gmt":"2025-07-28T14:29:43","slug":"cest-comme-piloter-dans-un-jeu-video-comment-la-r5-turbo-electrique-pourrait-marquer-lhistoire-selon-le-patron-de-renault","status":"publish","type":"post","link":"https:\/\/www.evearly.news\/fr\/cest-comme-piloter-dans-un-jeu-video-comment-la-r5-turbo-electrique-pourrait-marquer-lhistoire-selon-le-patron-de-renault\/","title":{"rendered":"\u00ab\u00a0C\u2019est comme piloter dans un jeu vid\u00e9o\u00a0\u00bb : comment la R5 Turbo \u00e9lectrique pourrait marquer l\u2019histoire selon le patron de Renault"},"content":{"rendered":"<p><img loading=\"lazy\" width=\"1200\" height=\"675\" src=\"https:\/\/www.evearly.news\/fr\/wp-content\/uploads\/sites\/6\/2025\/07\/cest-comme-piloter-dans-un-jeu-video-comment-la-r5-turbo-electrique-pourrait-marquer-lhistoire-selon-le-patron-de-renault.jpg\" class=\"attachment-full size-full wp-post-image\" alt=\"\" decoding=\"async\" \/<br \/>\nPlus ou moins d\u00e9laiss\u00e9 par Renault depuis la fin de la M\u00e9gane R.S., le trac\u00e9 du N\u00fcrburgring, v\u00e9ritable juge de paix pour n&rsquo;importe quelle sportive qui se respecte, va bient\u00f4t accueillir la nouvelle Renault 5 Turbo 3E \u00e9lectrique pour un record d&rsquo;anthologie. Mais la route est encore longue.<br \/>\n <a href=https:\/\/www.frandroid.com\/marques\/renault\/2746525_cest-comme-piloter-dans-un-jeu-video-comment-la-r5-turbo-electrique-pourrait-marquer-lhistoire-selon-le-patron-de-renault target='blank'>Lire la suite&#8230;<\/a><\/p>\n","protected":false},"excerpt":{"rendered":"<p>&lt;img width=&quot;1200&quot; height=&quot;675&quot; src=&quot;https:\/\/www.evearly.news\/fr\/wp-content\/uploads\/sites\/6\/2025\/07\/cest-comme-piloter-dans-un-jeu-video-comment-la-r5-turbo-electrique-pourrait-marquer-lhistoire-selon-le-patron-de-renault.jpg&quot; class=&quot;attachment-full size-full wp-post-image&quot; alt=&quot;&quot; decoding=&quot;async&quot; \/<br \/>\nPlus ou moins d\u00e9laiss\u00e9 par Renault depuis la fin de la M\u00e9gane R.S., le trac\u00e9 du N\u00fcrburgring, v\u00e9ritable juge de paix pour n&rsquo;importe quelle sportive qui se respecte, va bient\u00f4t accueillir la nouvelle Renault 5 Turbo 3E \u00e9lectrique pour un record d&rsquo;anthologie. Mais la route est encore longue.\n<\/p>\n<p> <a class=\"continue-reading-link\" href=\"https:\/\/www.evearly.news\/fr\/cest-comme-piloter-dans-un-jeu-video-comment-la-r5-turbo-electrique-pourrait-marquer-lhistoire-selon-le-patron-de-renault\/\"><\/a><\/p>\n","protected":false},"author":6,"featured_media":306817,"comment_status":"closed","ping_status":"open","sticky":false,"template":"Default","format":"standard","meta":{"footnotes":""},"categories":[14],"tags":[],"class_list":["post-306816","post","type-post","status-publish","format-standard","has-post-thumbnail","hentry","category-frandroid"],"_links":{"self":[{"href":"https:\/\/www.evearly.news\/fr\/wp-json\/wp\/v2\/posts\/306816","targetHints":{"allow":["GET"]}}],"collection":[{"href":"https:\/\/www.evearly.news\/fr\/wp-json\/wp\/v2\/posts"}],"about":[{"href":"https:\/\/www.evearly.news\/fr\/wp-json\/wp\/v2\/types\/post"}],"author":[{"embeddable":true,"href":"https:\/\/www.evearly.news\/fr\/wp-json\/wp\/v2\/users\/6"}],"replies":[{"embeddable":true,"href":"https:\/\/www.evearly.news\/fr\/wp-json\/wp\/v2\/comments?post=306816"}],"version-history":[{"count":0,"href":"https:\/\/www.evearly.news\/fr\/wp-json\/wp\/v2\/posts\/306816\/revisions"}],"wp:featuredmedia":[{"embeddable":true,"href":"https:\/\/www.evearly.news\/fr\/wp-json\/wp\/v2\/media\/306817"}],"wp:attachment":[{"href":"https:\/\/www.evearly.news\/fr\/wp-json\/wp\/v2\/media?parent=306816"}],"wp:term":[{"taxonomy":"category","embeddable":true,"href":"https:\/\/www.evearly.news\/fr\/wp-json\/wp\/v2\/categories?post=306816"},{"taxonomy":"post_tag","embeddable":true,"href":"https:\/\/www.evearly.news\/fr\/wp-json\/wp\/v2\/tags?post=306816"}],"curies":[{"name":"wp","href":"https:\/\/api.w.org\/{rel}","templated":true}]}}