{"id":306826,"date":"2025-07-28T20:00:06","date_gmt":"2025-07-28T18:00:06","guid":{"rendered":"https:\/\/www.evearly.news\/fr\/mg-lance-la-berline-im5-et-le-suv-im6-en-europe-mais-leur-arrivee-en-france-est-incertaine\/"},"modified":"2025-07-28T20:00:06","modified_gmt":"2025-07-28T18:00:06","slug":"mg-lance-la-berline-im5-et-le-suv-im6-en-europe-mais-leur-arrivee-en-france-est-incertaine","status":"publish","type":"post","link":"https:\/\/www.evearly.news\/fr\/mg-lance-la-berline-im5-et-le-suv-im6-en-europe-mais-leur-arrivee-en-france-est-incertaine\/","title":{"rendered":"MG lance la berline IM5 et le SUV IM6 en Europe, mais leur arriv\u00e9e en France est incertaine"},"content":{"rendered":"<p><img decoding=\"async\" src=\"https:\/\/www.evearly.news\/fr\/wp-content\/uploads\/sites\/6\/2025\/07\/mg-lance-la-berline-im5-et-le-suv-im6-en-europe-mais-leur-arrivee-en-france-est-incertaine.webp\" alt=\"auto-moto\"><br \/>Officiellement pr\u00e9sent\u00e9es au Festival of Speed de Goodwood d\u00e9but juillet, les MG IM5 et IM6 d\u00e9barquent sur certains march\u00e9s europ\u00e9ens avec pour but d\u2019offrir des produits plus haut de gamme. Mais la France pourrait ne jamais y avoir droit\u2026 <a href=https:\/\/www.auto-moto.com\/electrique\/mg-im5-im6-61313 target=blank>Lire la suite&#8230;<\/a><\/p>\n","protected":false},"excerpt":{"rendered":"<p>Officiellement pr\u00e9sent\u00e9es au Festival of Speed de Goodwood d\u00e9but juillet, les MG IM5 et IM6 d\u00e9barquent sur certains march\u00e9s europ\u00e9ens avec pour but d\u2019offrir des produits plus haut de gamme. Mais la France pourrait ne jamais y avoir droit\u2026&#8230; <a class=\"continue-reading-link\" href=\"https:\/\/www.evearly.news\/fr\/mg-lance-la-berline-im5-et-le-suv-im6-en-europe-mais-leur-arrivee-en-france-est-incertaine\/\"><\/a><\/p>\n","protected":false},"author":9,"featured_media":306827,"comment_status":"closed","ping_status":"open","sticky":false,"template":"Default","format":"standard","meta":{"footnotes":""},"categories":[10],"tags":[],"class_list":["post-306826","post","type-post","status-publish","format-standard","has-post-thumbnail","hentry","category-auto-moto-com"],"_links":{"self":[{"href":"https:\/\/www.evearly.news\/fr\/wp-json\/wp\/v2\/posts\/306826","targetHints":{"allow":["GET"]}}],"collection":[{"href":"https:\/\/www.evearly.news\/fr\/wp-json\/wp\/v2\/posts"}],"about":[{"href":"https:\/\/www.evearly.news\/fr\/wp-json\/wp\/v2\/types\/post"}],"author":[{"embeddable":true,"href":"https:\/\/www.evearly.news\/fr\/wp-json\/wp\/v2\/users\/9"}],"replies":[{"embeddable":true,"href":"https:\/\/www.evearly.news\/fr\/wp-json\/wp\/v2\/comments?post=306826"}],"version-history":[{"count":0,"href":"https:\/\/www.evearly.news\/fr\/wp-json\/wp\/v2\/posts\/306826\/revisions"}],"wp:featuredmedia":[{"embeddable":true,"href":"https:\/\/www.evearly.news\/fr\/wp-json\/wp\/v2\/media\/306827"}],"wp:attachment":[{"href":"https:\/\/www.evearly.news\/fr\/wp-json\/wp\/v2\/media?parent=306826"}],"wp:term":[{"taxonomy":"category","embeddable":true,"href":"https:\/\/www.evearly.news\/fr\/wp-json\/wp\/v2\/categories?post=306826"},{"taxonomy":"post_tag","embeddable":true,"href":"https:\/\/www.evearly.news\/fr\/wp-json\/wp\/v2\/tags?post=306826"}],"curies":[{"name":"wp","href":"https:\/\/api.w.org\/{rel}","templated":true}]}}