{"id":306828,"date":"2025-07-29T08:20:05","date_gmt":"2025-07-29T06:20:05","guid":{"rendered":"https:\/\/www.evearly.news\/fr\/assises-de-lelectro-mobilite-2025-flottes-professionnelles\/"},"modified":"2025-07-29T08:20:05","modified_gmt":"2025-07-29T06:20:05","slug":"assises-de-lelectro-mobilite-2025-flottes-professionnelles","status":"publish","type":"post","link":"https:\/\/www.evearly.news\/fr\/assises-de-lelectro-mobilite-2025-flottes-professionnelles\/","title":{"rendered":"Assises de l\u2019\u00e9lectro-mobilit\u00e9 2025 : Flottes professionnelles"},"content":{"rendered":"<p><img width=\"1000\" height=\"563\" src=\"https:\/\/www.evearly.news\/fr\/wp-content\/uploads\/sites\/6\/2025\/07\/assises-de-lelectro-mobilite-2025-flottes-professionnelles.jpg\" class=\"attachment-post-thumbnail size-post-thumbnail wp-post-image\" alt=\"Assises \u00e9lectro-mobilit\u00e9 Flottes professionnelles\" decoding=\"async\" fetchpriority=\"high\" srcset=\"https:\/\/www.evearly.news\/fr\/wp-content\/uploads\/sites\/6\/2025\/07\/assises-de-lelectro-mobilite-2025-flottes-professionnelles.jpg 1000w, https:\/\/www.evearly.news\/fr\/wp-content\/uploads\/sites\/6\/2025\/07\/assises-de-lelectro-mobilite-2025-flottes-professionnelles-1.jpg 300w, https:\/\/www.evearly.news\/fr\/wp-content\/uploads\/sites\/6\/2025\/07\/assises-de-lelectro-mobilite-2025-flottes-professionnelles-2.jpg 998w, https:\/\/www.avem.fr\/wp-content\/uploads\/2025\/07\/Assises-electro-mobilite-2025-J2-TR-03-Une-768x432.jpg 768w\" sizes=\"(max-width: 1000px) 100vw, 1000px\" \/>Suite de notre s\u00e9rie d\u2019articles sur les tables rondes des Assises de l\u2019\u00e9lectro-mobilit\u00e9 organis\u00e9es par l\u2019AVEM. Une \u00e9dition 2025 qui a eu lieu les 1er et 2 juillet \u00e0 Aix-en-Provence. La troisi\u00e8me table ronde de la matin\u00e9e du 2 juillet, avait pour th\u00e8me\u00a0les flottes professionnelles. Bruno Chague \u00e9voqua l\u2019engagement fort [\u2026] <a href=https:\/\/www.avem.fr\/2025\/07\/29\/assises-de-lelectro-mobilite-2025-flottes-professionnelles\/ target=blank>Lire la suite&#8230;<\/a><\/p>\n","protected":false},"excerpt":{"rendered":"<p><img loading=\"lazy\" decoding=\"async\" width=\"1000\" height=\"563\" src=\"https:\/\/www.evearly.news\/fr\/wp-content\/uploads\/sites\/6\/2025\/07\/assises-de-lelectro-mobilite-2025-flottes-professionnelles.jpg\" class=\"attachment-post-thumbnail size-post-thumbnail wp-post-image\" alt=\"Assises \u00e9lectro-mobilit\u00e9 Flottes professionnelles\" \/>Suite de notre s\u00e9rie d\u2019articles sur les tables rondes des Assises de l\u2019\u00e9lectro-mobilit\u00e9 organis\u00e9es par l\u2019AVEM. Une \u00e9dition 2025 qui a eu lieu les 1er et 2 juillet \u00e0 Aix-en-Provence. La troisi\u00e8me table ronde de la matin\u00e9e du 2 juillet, avait pour th\u00e8me\u00a0les flottes professionnelles. Bruno Chague \u00e9voqua l\u2019engagement fort [\u2026] <a class=\"continue-reading-link\" href=\"https:\/\/www.evearly.news\/fr\/assises-de-lelectro-mobilite-2025-flottes-professionnelles\/\"><\/a><\/p>\n","protected":false},"author":3,"featured_media":306829,"comment_status":"closed","ping_status":"open","sticky":false,"template":"Default","format":"standard","meta":{"footnotes":""},"categories":[3],"tags":[],"class_list":["post-306828","post","type-post","status-publish","format-standard","has-post-thumbnail","hentry","category-avem"],"_links":{"self":[{"href":"https:\/\/www.evearly.news\/fr\/wp-json\/wp\/v2\/posts\/306828","targetHints":{"allow":["GET"]}}],"collection":[{"href":"https:\/\/www.evearly.news\/fr\/wp-json\/wp\/v2\/posts"}],"about":[{"href":"https:\/\/www.evearly.news\/fr\/wp-json\/wp\/v2\/types\/post"}],"author":[{"embeddable":true,"href":"https:\/\/www.evearly.news\/fr\/wp-json\/wp\/v2\/users\/3"}],"replies":[{"embeddable":true,"href":"https:\/\/www.evearly.news\/fr\/wp-json\/wp\/v2\/comments?post=306828"}],"version-history":[{"count":0,"href":"https:\/\/www.evearly.news\/fr\/wp-json\/wp\/v2\/posts\/306828\/revisions"}],"wp:featuredmedia":[{"embeddable":true,"href":"https:\/\/www.evearly.news\/fr\/wp-json\/wp\/v2\/media\/306829"}],"wp:attachment":[{"href":"https:\/\/www.evearly.news\/fr\/wp-json\/wp\/v2\/media?parent=306828"}],"wp:term":[{"taxonomy":"category","embeddable":true,"href":"https:\/\/www.evearly.news\/fr\/wp-json\/wp\/v2\/categories?post=306828"},{"taxonomy":"post_tag","embeddable":true,"href":"https:\/\/www.evearly.news\/fr\/wp-json\/wp\/v2\/tags?post=306828"}],"curies":[{"name":"wp","href":"https:\/\/api.w.org\/{rel}","templated":true}]}}