{"id":306830,"date":"2025-07-29T08:20:52","date_gmt":"2025-07-29T06:20:52","guid":{"rendered":"https:\/\/www.evearly.news\/fr\/barometre-170-000-points-de-recharge-pour-les-voitures-electriques\/"},"modified":"2025-07-29T08:20:52","modified_gmt":"2025-07-29T06:20:52","slug":"barometre-170-000-points-de-recharge-pour-les-voitures-electriques","status":"publish","type":"post","link":"https:\/\/www.evearly.news\/fr\/barometre-170-000-points-de-recharge-pour-les-voitures-electriques\/","title":{"rendered":"Barom\u00e8tre : 170 000 points de recharge pour les voitures \u00e9lectriques"},"content":{"rendered":"<p><img width=\"1000\" height=\"563\" src=\"https:\/\/www.evearly.news\/fr\/wp-content\/uploads\/sites\/6\/2025\/07\/barometre-170-000-points-de-recharge-pour-les-voitures-electriques.jpg\" class=\"attachment-post-thumbnail size-post-thumbnail wp-post-image\" alt=\"En recharge\" decoding=\"async\" loading=\"lazy\" srcset=\"https:\/\/www.evearly.news\/fr\/wp-content\/uploads\/sites\/6\/2025\/07\/barometre-170-000-points-de-recharge-pour-les-voitures-electriques.jpg 1000w, https:\/\/www.evearly.news\/fr\/wp-content\/uploads\/sites\/6\/2025\/07\/barometre-170-000-points-de-recharge-pour-les-voitures-electriques-1.jpg 300w, https:\/\/www.evearly.news\/fr\/wp-content\/uploads\/sites\/6\/2025\/07\/barometre-170-000-points-de-recharge-pour-les-voitures-electriques-2.jpg 998w, https:\/\/www.avem.fr\/wp-content\/uploads\/2025\/07\/ACTF0729_AvereRecharge-768x432.jpg 768w\" sizes=\"auto, (max-width: 1000px) 100vw, 1000px\" \/>En s\u2019appuyant sur les donn\u00e9es collect\u00e9es par Gireve, l\u2019Avere-France et le minist\u00e8re de la Transition \u00e9cologique nous livrent \u00e0 travers ce barom\u00e8tre un \u00e9tat des lieux de la recharge des v\u00e9hicules \u00e9lectriques dans l\u2019Hexagone en 2025. \u00a0 + 14 865 PDR au premier semestre Au 30 juin 2025, il y [\u2026] <a href=https:\/\/www.avem.fr\/2025\/07\/29\/barometre-170-000-points-de-recharge-pour-les-voitures-electriques\/ target=blank>Lire la suite&#8230;<\/a><\/p>\n","protected":false},"excerpt":{"rendered":"<p><img decoding=\"async\" width=\"1000\" height=\"563\" src=\"https:\/\/www.evearly.news\/fr\/wp-content\/uploads\/sites\/6\/2025\/07\/barometre-170-000-points-de-recharge-pour-les-voitures-electriques.jpg\" class=\"attachment-post-thumbnail size-post-thumbnail wp-post-image\" alt=\"En recharge\" loading=\"lazy\" \/>En s\u2019appuyant sur les donn\u00e9es collect\u00e9es par Gireve, l\u2019Avere-France et le minist\u00e8re de la Transition \u00e9cologique nous livrent \u00e0 travers ce barom\u00e8tre un \u00e9tat des lieux de la recharge des v\u00e9hicules \u00e9lectriques dans l\u2019Hexagone en 2025. \u00a0 + 14 865 PDR au premier semestre Au 30 juin 2025, il y [\u2026] <a class=\"continue-reading-link\" href=\"https:\/\/www.evearly.news\/fr\/barometre-170-000-points-de-recharge-pour-les-voitures-electriques\/\"><\/a><\/p>\n","protected":false},"author":3,"featured_media":306831,"comment_status":"closed","ping_status":"open","sticky":false,"template":"Default","format":"standard","meta":{"footnotes":""},"categories":[3],"tags":[],"class_list":["post-306830","post","type-post","status-publish","format-standard","has-post-thumbnail","hentry","category-avem"],"_links":{"self":[{"href":"https:\/\/www.evearly.news\/fr\/wp-json\/wp\/v2\/posts\/306830","targetHints":{"allow":["GET"]}}],"collection":[{"href":"https:\/\/www.evearly.news\/fr\/wp-json\/wp\/v2\/posts"}],"about":[{"href":"https:\/\/www.evearly.news\/fr\/wp-json\/wp\/v2\/types\/post"}],"author":[{"embeddable":true,"href":"https:\/\/www.evearly.news\/fr\/wp-json\/wp\/v2\/users\/3"}],"replies":[{"embeddable":true,"href":"https:\/\/www.evearly.news\/fr\/wp-json\/wp\/v2\/comments?post=306830"}],"version-history":[{"count":0,"href":"https:\/\/www.evearly.news\/fr\/wp-json\/wp\/v2\/posts\/306830\/revisions"}],"wp:featuredmedia":[{"embeddable":true,"href":"https:\/\/www.evearly.news\/fr\/wp-json\/wp\/v2\/media\/306831"}],"wp:attachment":[{"href":"https:\/\/www.evearly.news\/fr\/wp-json\/wp\/v2\/media?parent=306830"}],"wp:term":[{"taxonomy":"category","embeddable":true,"href":"https:\/\/www.evearly.news\/fr\/wp-json\/wp\/v2\/categories?post=306830"},{"taxonomy":"post_tag","embeddable":true,"href":"https:\/\/www.evearly.news\/fr\/wp-json\/wp\/v2\/tags?post=306830"}],"curies":[{"name":"wp","href":"https:\/\/api.w.org\/{rel}","templated":true}]}}