{"id":306833,"date":"2025-07-29T10:03:03","date_gmt":"2025-07-29T08:03:03","guid":{"rendered":"https:\/\/www.evearly.news\/fr\/mercedes-aimerait-commercialiser-un-vehicule-electrique-equipe-de-batteries-solides-avant-2030\/"},"modified":"2025-07-29T10:03:03","modified_gmt":"2025-07-29T08:03:03","slug":"mercedes-aimerait-commercialiser-un-vehicule-electrique-equipe-de-batteries-solides-avant-2030","status":"publish","type":"post","link":"https:\/\/www.evearly.news\/fr\/mercedes-aimerait-commercialiser-un-vehicule-electrique-equipe-de-batteries-solides-avant-2030\/","title":{"rendered":"Mercedes aimerait commercialiser un v\u00e9hicule \u00e9lectrique \u00e9quip\u00e9 de batteries solides avant 2030"},"content":{"rendered":"<p><img loading=\"lazy\" decoding=\"async\" width=\"500\" height=\"333\" src=\"https:\/\/www.evearly.news\/fr\/wp-content\/uploads\/sites\/6\/2025\/07\/mercedes-aimerait-commercialiser-un-vehicule-electrique-equipe-de-batteries-solides-avant-2030.webp\" class=\"attachment-1200x800 size-1200x800 wp-post-image\" alt=\"\" srcset=\"https:\/\/www.evearly.news\/fr\/wp-content\/uploads\/sites\/6\/2025\/07\/mercedes-aimerait-commercialiser-un-vehicule-electrique-equipe-de-batteries-solides-avant-2030.webp 1920w, https:\/\/www.evearly.news\/fr\/wp-content\/uploads\/sites\/6\/2025\/07\/mercedes-aimerait-commercialiser-un-vehicule-electrique-equipe-de-batteries-solides-avant-2030-1.webp 1640w, https:\/\/www.evearly.news\/fr\/wp-content\/uploads\/sites\/6\/2025\/07\/mercedes-aimerait-commercialiser-un-vehicule-electrique-equipe-de-batteries-solides-avant-2030-2.webp 1024w, https:\/\/www.evearly.news\/fr\/wp-content\/uploads\/sites\/6\/2025\/07\/mercedes-aimerait-commercialiser-un-vehicule-electrique-equipe-de-batteries-solides-avant-2030-3.webp 768w, https:\/\/www.evearly.news\/fr\/wp-content\/uploads\/sites\/6\/2025\/07\/mercedes-aimerait-commercialiser-un-vehicule-electrique-equipe-de-batteries-solides-avant-2030-4.webp 1536w, https:\/\/cdn.automobile-propre.com\/uploads\/2025\/07\/mercedes-solid-state-620x349.webp 620w\" sizes=\"auto, (max-width: 1200px) 100vw, 1200px\" \/><br \/>\nComme la plupart des constructeurs automobiles, Mercedes se lance aussi dans la course aux batteries solides. La firme allemande promet de commercialiser un v\u00e9hicule \u00e9lectrique pr\u00eat \u00e0 la production et dot\u00e9 de cette technologie avant la fin de la d\u00e9cennie.\u00a0<a href=https:\/\/www.automobile-propre.com\/breves\/mercedes-aimerait-commercialiser-un-vehicule-electrique-equipe-de-batteries-solides-avant-2030\/ target='bwindow'>Lire la suite&#8230;<\/a><\/p>\n","protected":false},"excerpt":{"rendered":"<p>&#8230; <a class=\"continue-reading-link\" href=\"https:\/\/www.evearly.news\/fr\/mercedes-aimerait-commercialiser-un-vehicule-electrique-equipe-de-batteries-solides-avant-2030\/\"><\/a><\/p>\n","protected":false},"author":8,"featured_media":306834,"comment_status":"closed","ping_status":"open","sticky":false,"template":"Default","format":"standard","meta":{"footnotes":""},"categories":[8],"tags":[],"class_list":["post-306833","post","type-post","status-publish","format-standard","has-post-thumbnail","hentry","category-automobile-propre"],"_links":{"self":[{"href":"https:\/\/www.evearly.news\/fr\/wp-json\/wp\/v2\/posts\/306833","targetHints":{"allow":["GET"]}}],"collection":[{"href":"https:\/\/www.evearly.news\/fr\/wp-json\/wp\/v2\/posts"}],"about":[{"href":"https:\/\/www.evearly.news\/fr\/wp-json\/wp\/v2\/types\/post"}],"author":[{"embeddable":true,"href":"https:\/\/www.evearly.news\/fr\/wp-json\/wp\/v2\/users\/8"}],"replies":[{"embeddable":true,"href":"https:\/\/www.evearly.news\/fr\/wp-json\/wp\/v2\/comments?post=306833"}],"version-history":[{"count":0,"href":"https:\/\/www.evearly.news\/fr\/wp-json\/wp\/v2\/posts\/306833\/revisions"}],"wp:featuredmedia":[{"embeddable":true,"href":"https:\/\/www.evearly.news\/fr\/wp-json\/wp\/v2\/media\/306834"}],"wp:attachment":[{"href":"https:\/\/www.evearly.news\/fr\/wp-json\/wp\/v2\/media?parent=306833"}],"wp:term":[{"taxonomy":"category","embeddable":true,"href":"https:\/\/www.evearly.news\/fr\/wp-json\/wp\/v2\/categories?post=306833"},{"taxonomy":"post_tag","embeddable":true,"href":"https:\/\/www.evearly.news\/fr\/wp-json\/wp\/v2\/tags?post=306833"}],"curies":[{"name":"wp","href":"https:\/\/api.w.org\/{rel}","templated":true}]}}