{"id":306839,"date":"2025-07-29T11:07:32","date_gmt":"2025-07-29T09:07:32","guid":{"rendered":"https:\/\/www.evearly.news\/fr\/plus-de-640-000-voitures-rappelees-pour-une-eventuelle-casse-moteur-verifiez-si-la-votre-est-concernee-avant-les-departs-en-vacances\/"},"modified":"2025-07-29T11:07:32","modified_gmt":"2025-07-29T09:07:32","slug":"plus-de-640-000-voitures-rappelees-pour-une-eventuelle-casse-moteur-verifiez-si-la-votre-est-concernee-avant-les-departs-en-vacances","status":"publish","type":"post","link":"https:\/\/www.evearly.news\/fr\/plus-de-640-000-voitures-rappelees-pour-une-eventuelle-casse-moteur-verifiez-si-la-votre-est-concernee-avant-les-departs-en-vacances\/","title":{"rendered":"Plus de 640\u00a0000 voitures rappel\u00e9es pour une \u00e9ventuelle casse moteur\u00a0: v\u00e9rifiez si la v\u00f4tre est concern\u00e9e avant les d\u00e9parts en vacances"},"content":{"rendered":"<p><img loading=\"lazy\" width=\"1920\" height=\"1280\" src=\"https:\/\/www.evearly.news\/fr\/wp-content\/uploads\/sites\/6\/2025\/07\/plus-de-640-000-voitures-rappelees-pour-une-eventuelle-casse-moteur-verifiez-si-la-votre-est-concernee-avant-les-departs-en-vacances.jpg\" class=\"attachment-full size-full wp-post-image\" alt=\"Panne Moteur\" decoding=\"async\" srcset=\"https:\/\/www.evearly.news\/fr\/wp-content\/uploads\/sites\/6\/2025\/07\/plus-de-640-000-voitures-rappelees-pour-une-eventuelle-casse-moteur-verifiez-si-la-votre-est-concernee-avant-les-departs-en-vacances.jpg 1920w, https:\/\/www.evearly.news\/fr\/wp-content\/uploads\/sites\/6\/2025\/07\/plus-de-640-000-voitures-rappelees-pour-une-eventuelle-casse-moteur-verifiez-si-la-votre-est-concernee-avant-les-departs-en-vacances-1.jpg 384w, https:\/\/www.evearly.news\/fr\/wp-content\/uploads\/sites\/6\/2025\/07\/plus-de-640-000-voitures-rappelees-pour-une-eventuelle-casse-moteur-verifiez-si-la-votre-est-concernee-avant-les-departs-en-vacances-2.jpg 880w, https:\/\/www.evearly.news\/fr\/wp-content\/uploads\/sites\/6\/2025\/07\/plus-de-640-000-voitures-rappelees-pour-une-eventuelle-casse-moteur-verifiez-si-la-votre-est-concernee-avant-les-departs-en-vacances-3.jpg 50w, https:\/\/www.evearly.news\/fr\/wp-content\/uploads\/sites\/6\/2025\/07\/plus-de-640-000-voitures-rappelees-pour-une-eventuelle-casse-moteur-verifiez-si-la-votre-est-concernee-avant-les-departs-en-vacances-4.jpg 640w, https:\/\/www.evearly.news\/fr\/wp-content\/uploads\/sites\/6\/2025\/07\/plus-de-640-000-voitures-rappelees-pour-une-eventuelle-casse-moteur-verifiez-si-la-votre-est-concernee-avant-les-departs-en-vacances-5.jpg 1280w, https:\/\/www.presse-citron.net\/app\/uploads\/2025\/07\/Panne-moteur-1632x1088.jpg 1632w\" sizes=\"auto, (max-width: 1920px) 100vw, 1920px\"><\/p>\n<p>En pleine p\u00e9riode estivale, un rappel historique touche plus de 640 000 v\u00e9hicules de cinq grandes marques automobiles. Toyota, Peugeot, Citro\u00ebn, Fiat et Opel ont identifi\u00e9 un d\u00e9faut moteur majeur qui peut provoquer une panne brutale en pleine route.<a href=\"https:\/\/www.presse-citron.net\/plus-de-640-000-voitures-rappelees-pour-une-eventuelle-casse-moteur-verifiez-si-la-votre-est-concernee-avant-les-departs-en-vacances\/\" target=blank> Lire la suite&#8230;<\/a><\/p>\n","protected":false},"excerpt":{"rendered":"<p>En pleine p\u00e9riode estivale, un rappel historique touche plus de 640 000 v\u00e9hicules de cinq grandes marques automobiles. Toyota, Peugeot, Citro\u00ebn, Fiat et Opel ont identifi\u00e9 un d\u00e9faut moteur majeur qui peut provoquer une panne brutale en pleine route&#8230;. <a class=\"continue-reading-link\" href=\"https:\/\/www.evearly.news\/fr\/plus-de-640-000-voitures-rappelees-pour-une-eventuelle-casse-moteur-verifiez-si-la-votre-est-concernee-avant-les-departs-en-vacances\/\"><\/a><\/p>\n","protected":false},"author":18,"featured_media":306840,"comment_status":"closed","ping_status":"open","sticky":false,"template":"Default","format":"standard","meta":{"footnotes":""},"categories":[19],"tags":[],"class_list":["post-306839","post","type-post","status-publish","format-standard","has-post-thumbnail","hentry","category-presse-citron"],"_links":{"self":[{"href":"https:\/\/www.evearly.news\/fr\/wp-json\/wp\/v2\/posts\/306839","targetHints":{"allow":["GET"]}}],"collection":[{"href":"https:\/\/www.evearly.news\/fr\/wp-json\/wp\/v2\/posts"}],"about":[{"href":"https:\/\/www.evearly.news\/fr\/wp-json\/wp\/v2\/types\/post"}],"author":[{"embeddable":true,"href":"https:\/\/www.evearly.news\/fr\/wp-json\/wp\/v2\/users\/18"}],"replies":[{"embeddable":true,"href":"https:\/\/www.evearly.news\/fr\/wp-json\/wp\/v2\/comments?post=306839"}],"version-history":[{"count":0,"href":"https:\/\/www.evearly.news\/fr\/wp-json\/wp\/v2\/posts\/306839\/revisions"}],"wp:featuredmedia":[{"embeddable":true,"href":"https:\/\/www.evearly.news\/fr\/wp-json\/wp\/v2\/media\/306840"}],"wp:attachment":[{"href":"https:\/\/www.evearly.news\/fr\/wp-json\/wp\/v2\/media?parent=306839"}],"wp:term":[{"taxonomy":"category","embeddable":true,"href":"https:\/\/www.evearly.news\/fr\/wp-json\/wp\/v2\/categories?post=306839"},{"taxonomy":"post_tag","embeddable":true,"href":"https:\/\/www.evearly.news\/fr\/wp-json\/wp\/v2\/tags?post=306839"}],"curies":[{"name":"wp","href":"https:\/\/api.w.org\/{rel}","templated":true}]}}