{"id":306918,"date":"2025-07-30T19:02:50","date_gmt":"2025-07-30T17:02:50","guid":{"rendered":"https:\/\/www.evearly.news\/fr\/relookee-dotee-dune-batterie-semi-solide-cette-compacte-electrique-qui-a-fait-le-retour-a-succes-de-mg-devoile-sa-nouvelle-planche-de-bord\/"},"modified":"2025-07-30T19:02:50","modified_gmt":"2025-07-30T17:02:50","slug":"relookee-dotee-dune-batterie-semi-solide-cette-compacte-electrique-qui-a-fait-le-retour-a-succes-de-mg-devoile-sa-nouvelle-planche-de-bord","status":"publish","type":"post","link":"https:\/\/www.evearly.news\/fr\/relookee-dotee-dune-batterie-semi-solide-cette-compacte-electrique-qui-a-fait-le-retour-a-succes-de-mg-devoile-sa-nouvelle-planche-de-bord\/","title":{"rendered":"Relook\u00e9e, dot\u00e9e d&rsquo;une batterie semi-solide, cette compacte \u00e9lectrique qui a fait le retour \u00e0 succ\u00e8s de MG d\u00e9voile sa nouvelle planche de bord"},"content":{"rendered":"<div class=\"media_block\"><img decoding=\"async\" src=\"https:\/\/www.evearly.news\/fr\/wp-content\/uploads\/sites\/6\/2025\/07\/relookee-dotee-dune-batterie-semi-solide-cette-compacte-electrique-qui-a-fait-le-retour-a-succes-de-mg-devoile-sa-nouvelle-planche-de-bord.jpg\"><\/div>\n<p>A quelques jours de son lancement officiel en Chine, MG d\u00e9voile officiellement l\u2019habitacle de la deuxi\u00e8me g\u00e9n\u00e9ration de sa compacte MG4. L\u2019\u00e9volution s\u2019annonce spectaculaire en qualit\u00e9 per\u00e7ue et en technologie embarqu\u00e9e, autrement plus moderne que l\u2019int\u00e9rieur sommaire et un peu dat\u00e9 de l\u2019actuelle MG4 apparue en 2022. Mais en Europe, il faudra encore patienter pour profiter de cette mont\u00e9e en gamme.\u00a0\u00a0 <a href=https:\/\/www.automobile-magazine.fr\/voitures-electriques\/article\/48921-relookee-dotee-dune-batterie-semi-solide-cette-compacte-electrique-qui-a-fait-le-retour-a-succes-de-mg-devoile-sa-nouvelle-planche-de-bord target='bwindow'>Lire la suite&#8230;<\/a><\/p>\n","protected":false},"excerpt":{"rendered":"<div class=\"media_block\"><img decoding=\"async\" src=\"https:\/\/www.evearly.news\/fr\/wp-content\/uploads\/sites\/6\/2025\/07\/relookee-dotee-dune-batterie-semi-solide-cette-compacte-electrique-qui-a-fait-le-retour-a-succes-de-mg-devoile-sa-nouvelle-planche-de-bord.jpg\"><\/div>\n<p> <a class=\"continue-reading-link\" href=\"https:\/\/www.evearly.news\/fr\/relookee-dotee-dune-batterie-semi-solide-cette-compacte-electrique-qui-a-fait-le-retour-a-succes-de-mg-devoile-sa-nouvelle-planche-de-bord\/\"><\/a><\/p>\n","protected":false},"author":7,"featured_media":306919,"comment_status":"closed","ping_status":"open","sticky":false,"template":"Default","format":"standard","meta":{"footnotes":""},"categories":[7],"tags":[],"class_list":["post-306918","post","type-post","status-publish","format-standard","has-post-thumbnail","hentry","category-automobile-magazine"],"_links":{"self":[{"href":"https:\/\/www.evearly.news\/fr\/wp-json\/wp\/v2\/posts\/306918","targetHints":{"allow":["GET"]}}],"collection":[{"href":"https:\/\/www.evearly.news\/fr\/wp-json\/wp\/v2\/posts"}],"about":[{"href":"https:\/\/www.evearly.news\/fr\/wp-json\/wp\/v2\/types\/post"}],"author":[{"embeddable":true,"href":"https:\/\/www.evearly.news\/fr\/wp-json\/wp\/v2\/users\/7"}],"replies":[{"embeddable":true,"href":"https:\/\/www.evearly.news\/fr\/wp-json\/wp\/v2\/comments?post=306918"}],"version-history":[{"count":0,"href":"https:\/\/www.evearly.news\/fr\/wp-json\/wp\/v2\/posts\/306918\/revisions"}],"wp:featuredmedia":[{"embeddable":true,"href":"https:\/\/www.evearly.news\/fr\/wp-json\/wp\/v2\/media\/306919"}],"wp:attachment":[{"href":"https:\/\/www.evearly.news\/fr\/wp-json\/wp\/v2\/media?parent=306918"}],"wp:term":[{"taxonomy":"category","embeddable":true,"href":"https:\/\/www.evearly.news\/fr\/wp-json\/wp\/v2\/categories?post=306918"},{"taxonomy":"post_tag","embeddable":true,"href":"https:\/\/www.evearly.news\/fr\/wp-json\/wp\/v2\/tags?post=306918"}],"curies":[{"name":"wp","href":"https:\/\/api.w.org\/{rel}","templated":true}]}}