{"id":306920,"date":"2025-07-30T19:50:05","date_gmt":"2025-07-30T17:50:05","guid":{"rendered":"https:\/\/www.evearly.news\/fr\/les-chantiers-urgents-du-nouveau-patron-de-renault\/"},"modified":"2025-07-30T19:50:05","modified_gmt":"2025-07-30T17:50:05","slug":"les-chantiers-urgents-du-nouveau-patron-de-renault","status":"publish","type":"post","link":"https:\/\/www.evearly.news\/fr\/les-chantiers-urgents-du-nouveau-patron-de-renault\/","title":{"rendered":"Les chantiers urgents du nouveau patron de Renault"},"content":{"rendered":"<p><img decoding=\"async\" width=\"500\" height=\"333\" src=\"https:\/\/www.evearly.news\/fr\/wp-content\/uploads\/sites\/6\/2025\/07\/les-chantiers-urgents-du-nouveau-patron-de-renault.jpg\" class=\"attachment-1200x800 size-1200x800 wp-post-image\" alt=\"\" loading=\"lazy\" srcset=\"https:\/\/www.evearly.news\/fr\/wp-content\/uploads\/sites\/6\/2025\/07\/les-chantiers-urgents-du-nouveau-patron-de-renault.jpg 1500w, https:\/\/www.evearly.news\/fr\/wp-content\/uploads\/sites\/6\/2025\/07\/les-chantiers-urgents-du-nouveau-patron-de-renault-1.jpg 1024w, https:\/\/www.evearly.news\/fr\/wp-content\/uploads\/sites\/6\/2025\/07\/les-chantiers-urgents-du-nouveau-patron-de-renault-2.jpg 768w, https:\/\/cdn.automobile-propre.com\/uploads\/2025\/07\/Francois-Provost-620x343.jpg 620w\" sizes=\"auto, (max-width: 1200px) 100vw, 1200px\" \/><br \/>\nC&rsquo;est officiel, Fran\u00e7ois Provost est le nouveau directeur g\u00e9n\u00e9ral du groupe Renault. Les vacances attendront, car plusieurs d\u00e9fis l&rsquo;attendent d\u00e9j\u00e0.\u2026\u00a0<a href=https:\/\/www.automobile-propre.com\/articles\/les-chantiers-urgents-du-nouveau-patron-de-renault\/ target='bwindow'>Lire la suite&#8230;<\/a><\/p>\n","protected":false},"excerpt":{"rendered":"<p>&#8230; <a class=\"continue-reading-link\" href=\"https:\/\/www.evearly.news\/fr\/les-chantiers-urgents-du-nouveau-patron-de-renault\/\"><\/a><\/p>\n","protected":false},"author":8,"featured_media":306921,"comment_status":"closed","ping_status":"open","sticky":false,"template":"Default","format":"standard","meta":{"footnotes":""},"categories":[8],"tags":[],"class_list":["post-306920","post","type-post","status-publish","format-standard","has-post-thumbnail","hentry","category-automobile-propre"],"_links":{"self":[{"href":"https:\/\/www.evearly.news\/fr\/wp-json\/wp\/v2\/posts\/306920","targetHints":{"allow":["GET"]}}],"collection":[{"href":"https:\/\/www.evearly.news\/fr\/wp-json\/wp\/v2\/posts"}],"about":[{"href":"https:\/\/www.evearly.news\/fr\/wp-json\/wp\/v2\/types\/post"}],"author":[{"embeddable":true,"href":"https:\/\/www.evearly.news\/fr\/wp-json\/wp\/v2\/users\/8"}],"replies":[{"embeddable":true,"href":"https:\/\/www.evearly.news\/fr\/wp-json\/wp\/v2\/comments?post=306920"}],"version-history":[{"count":0,"href":"https:\/\/www.evearly.news\/fr\/wp-json\/wp\/v2\/posts\/306920\/revisions"}],"wp:featuredmedia":[{"embeddable":true,"href":"https:\/\/www.evearly.news\/fr\/wp-json\/wp\/v2\/media\/306921"}],"wp:attachment":[{"href":"https:\/\/www.evearly.news\/fr\/wp-json\/wp\/v2\/media?parent=306920"}],"wp:term":[{"taxonomy":"category","embeddable":true,"href":"https:\/\/www.evearly.news\/fr\/wp-json\/wp\/v2\/categories?post=306920"},{"taxonomy":"post_tag","embeddable":true,"href":"https:\/\/www.evearly.news\/fr\/wp-json\/wp\/v2\/tags?post=306920"}],"curies":[{"name":"wp","href":"https:\/\/api.w.org\/{rel}","templated":true}]}}