{"id":306964,"date":"2025-07-31T19:23:14","date_gmt":"2025-07-31T17:23:14","guid":{"rendered":"https:\/\/www.evearly.news\/fr\/la-norvege-a-teste-lautonomie-reelle-des-voitures-electriques-son-verdict-tesla-et-les-marques-chinoises-ont-une-longueur-davance\/"},"modified":"2025-07-31T19:23:14","modified_gmt":"2025-07-31T17:23:14","slug":"la-norvege-a-teste-lautonomie-reelle-des-voitures-electriques-son-verdict-tesla-et-les-marques-chinoises-ont-une-longueur-davance","status":"publish","type":"post","link":"https:\/\/www.evearly.news\/fr\/la-norvege-a-teste-lautonomie-reelle-des-voitures-electriques-son-verdict-tesla-et-les-marques-chinoises-ont-une-longueur-davance\/","title":{"rendered":"La Norv\u00e8ge a test\u00e9 l&rsquo;autonomie r\u00e9elle des voitures \u00e9lectriques. Son verdict : Tesla et les marques chinoises ont une longueur d&rsquo;avance"},"content":{"rendered":"<div class=\"media_block\"><img decoding=\"async\" src=\"https:\/\/www.evearly.news\/fr\/wp-content\/uploads\/sites\/6\/2025\/07\/la-norvege-a-teste-lautonomie-reelle-des-voitures-electriques-son-verdict-tesla-et-les-marques-chinoises-ont-une-longueur-davance.jpg\"><\/div>\n<p>L\u2019organisme norv\u00e9gien NAF a men\u00e9 cet \u00e9t\u00e9 un test grandeur nature pour mesurer la distance r\u00e9ellement parcourue par les voitures \u00e9lectriques au moment d&rsquo;arriver \u00e0 20 % puis 10 % de batterie. Une donn\u00e9e cruciale pour les conducteurs qui veulent anticiper leurs trajets sans risquer la panne s\u00e8che. <a href=https:\/\/www.automobile-magazine.fr\/voitures-electriques\/article\/48932-la-norvege-a-teste-lautonomie-reelle-des-voitures-electriques-son-verdict-tesla-et-les-marques-chinoises-ont-une-longueur-davance target='bwindow'>Lire la suite&#8230;<\/a><\/p>\n","protected":false},"excerpt":{"rendered":"<div class=\"media_block\"><img decoding=\"async\" src=\"https:\/\/www.evearly.news\/fr\/wp-content\/uploads\/sites\/6\/2025\/07\/la-norvege-a-teste-lautonomie-reelle-des-voitures-electriques-son-verdict-tesla-et-les-marques-chinoises-ont-une-longueur-davance.jpg\"><\/div>\n<p> <a class=\"continue-reading-link\" href=\"https:\/\/www.evearly.news\/fr\/la-norvege-a-teste-lautonomie-reelle-des-voitures-electriques-son-verdict-tesla-et-les-marques-chinoises-ont-une-longueur-davance\/\"><\/a><\/p>\n","protected":false},"author":7,"featured_media":306965,"comment_status":"closed","ping_status":"open","sticky":false,"template":"Default","format":"standard","meta":{"footnotes":""},"categories":[7],"tags":[],"class_list":["post-306964","post","type-post","status-publish","format-standard","has-post-thumbnail","hentry","category-automobile-magazine"],"_links":{"self":[{"href":"https:\/\/www.evearly.news\/fr\/wp-json\/wp\/v2\/posts\/306964","targetHints":{"allow":["GET"]}}],"collection":[{"href":"https:\/\/www.evearly.news\/fr\/wp-json\/wp\/v2\/posts"}],"about":[{"href":"https:\/\/www.evearly.news\/fr\/wp-json\/wp\/v2\/types\/post"}],"author":[{"embeddable":true,"href":"https:\/\/www.evearly.news\/fr\/wp-json\/wp\/v2\/users\/7"}],"replies":[{"embeddable":true,"href":"https:\/\/www.evearly.news\/fr\/wp-json\/wp\/v2\/comments?post=306964"}],"version-history":[{"count":0,"href":"https:\/\/www.evearly.news\/fr\/wp-json\/wp\/v2\/posts\/306964\/revisions"}],"wp:featuredmedia":[{"embeddable":true,"href":"https:\/\/www.evearly.news\/fr\/wp-json\/wp\/v2\/media\/306965"}],"wp:attachment":[{"href":"https:\/\/www.evearly.news\/fr\/wp-json\/wp\/v2\/media?parent=306964"}],"wp:term":[{"taxonomy":"category","embeddable":true,"href":"https:\/\/www.evearly.news\/fr\/wp-json\/wp\/v2\/categories?post=306964"},{"taxonomy":"post_tag","embeddable":true,"href":"https:\/\/www.evearly.news\/fr\/wp-json\/wp\/v2\/tags?post=306964"}],"curies":[{"name":"wp","href":"https:\/\/api.w.org\/{rel}","templated":true}]}}