{"id":307198,"date":"2025-08-06T08:53:14","date_gmt":"2025-08-06T06:53:14","guid":{"rendered":"https:\/\/www.evearly.news\/fr\/ce-chiffre-montre-a-quel-point-le-nombre-de-voitures-electriques-explose-sur-la-route-des-vacances\/"},"modified":"2025-08-06T08:53:14","modified_gmt":"2025-08-06T06:53:14","slug":"ce-chiffre-montre-a-quel-point-le-nombre-de-voitures-electriques-explose-sur-la-route-des-vacances","status":"publish","type":"post","link":"https:\/\/www.evearly.news\/fr\/ce-chiffre-montre-a-quel-point-le-nombre-de-voitures-electriques-explose-sur-la-route-des-vacances\/","title":{"rendered":"Ce chiffre montre \u00e0 quel point le nombre de voitures \u00e9lectriques explose sur la route des vacances"},"content":{"rendered":"<p><img loading=\"lazy\" decoding=\"async\" width=\"500\" height=\"333\" src=\"https:\/\/www.evearly.news\/fr\/wp-content\/uploads\/sites\/6\/2025\/08\/ce-chiffre-montre-a-quel-point-le-nombre-de-voitures-electriques-explose-sur-la-route-des-vacances.webp\" class=\"attachment-1200x800 size-1200x800 wp-post-image\" alt=\"\" srcset=\"https:\/\/www.evearly.news\/fr\/wp-content\/uploads\/sites\/6\/2025\/08\/ce-chiffre-montre-a-quel-point-le-nombre-de-voitures-electriques-explose-sur-la-route-des-vacances.webp 1536w, https:\/\/www.evearly.news\/fr\/wp-content\/uploads\/sites\/6\/2025\/08\/ce-chiffre-montre-a-quel-point-le-nombre-de-voitures-electriques-explose-sur-la-route-des-vacances-1.webp 1024w, https:\/\/www.evearly.news\/fr\/wp-content\/uploads\/sites\/6\/2025\/08\/ce-chiffre-montre-a-quel-point-le-nombre-de-voitures-electriques-explose-sur-la-route-des-vacances-2.webp 140w, https:\/\/www.evearly.news\/fr\/wp-content\/uploads\/sites\/6\/2025\/08\/ce-chiffre-montre-a-quel-point-le-nombre-de-voitures-electriques-explose-sur-la-route-des-vacances-3.webp 768w, https:\/\/www.evearly.news\/fr\/wp-content\/uploads\/sites\/6\/2025\/08\/ce-chiffre-montre-a-quel-point-le-nombre-de-voitures-electriques-explose-sur-la-route-des-vacances-4.webp 620w, https:\/\/www.evearly.news\/fr\/wp-content\/uploads\/sites\/6\/2025\/08\/ce-chiffre-montre-a-quel-point-le-nombre-de-voitures-electriques-explose-sur-la-route-des-vacances-5.webp 100w, https:\/\/www.evearly.news\/fr\/wp-content\/uploads\/sites\/6\/2025\/08\/ce-chiffre-montre-a-quel-point-le-nombre-de-voitures-electriques-explose-sur-la-route-des-vacances-6.webp 190w, https:\/\/cdn.automobile-propre.com\/uploads\/2025\/01\/powerdot-europe-reseau-600x400.webp 600w\" sizes=\"auto, (max-width: 1200px) 100vw, 1200px\" \/><br \/>\nPowerdot indique que le nombre de sessions de recharge sur son r\u00e9seau a progress\u00e9 de 92 % lors du week-end de chass\u00e9-crois\u00e9 2025.\u00a0<a href=https:\/\/www.automobile-propre.com\/breves\/ce-chiffre-montre-a-quel-point-le-nombre-de-voitures-electriques-explose-sur-la-route-des-vacances\/ target='bwindow'>Lire la suite&#8230;<\/a><\/p>\n","protected":false},"excerpt":{"rendered":"<p>&#8230; <a class=\"continue-reading-link\" href=\"https:\/\/www.evearly.news\/fr\/ce-chiffre-montre-a-quel-point-le-nombre-de-voitures-electriques-explose-sur-la-route-des-vacances\/\"><\/a><\/p>\n","protected":false},"author":8,"featured_media":307199,"comment_status":"closed","ping_status":"open","sticky":false,"template":"Default","format":"standard","meta":{"footnotes":""},"categories":[8],"tags":[],"class_list":["post-307198","post","type-post","status-publish","format-standard","has-post-thumbnail","hentry","category-automobile-propre"],"_links":{"self":[{"href":"https:\/\/www.evearly.news\/fr\/wp-json\/wp\/v2\/posts\/307198","targetHints":{"allow":["GET"]}}],"collection":[{"href":"https:\/\/www.evearly.news\/fr\/wp-json\/wp\/v2\/posts"}],"about":[{"href":"https:\/\/www.evearly.news\/fr\/wp-json\/wp\/v2\/types\/post"}],"author":[{"embeddable":true,"href":"https:\/\/www.evearly.news\/fr\/wp-json\/wp\/v2\/users\/8"}],"replies":[{"embeddable":true,"href":"https:\/\/www.evearly.news\/fr\/wp-json\/wp\/v2\/comments?post=307198"}],"version-history":[{"count":0,"href":"https:\/\/www.evearly.news\/fr\/wp-json\/wp\/v2\/posts\/307198\/revisions"}],"wp:featuredmedia":[{"embeddable":true,"href":"https:\/\/www.evearly.news\/fr\/wp-json\/wp\/v2\/media\/307199"}],"wp:attachment":[{"href":"https:\/\/www.evearly.news\/fr\/wp-json\/wp\/v2\/media?parent=307198"}],"wp:term":[{"taxonomy":"category","embeddable":true,"href":"https:\/\/www.evearly.news\/fr\/wp-json\/wp\/v2\/categories?post=307198"},{"taxonomy":"post_tag","embeddable":true,"href":"https:\/\/www.evearly.news\/fr\/wp-json\/wp\/v2\/tags?post=307198"}],"curies":[{"name":"wp","href":"https:\/\/api.w.org\/{rel}","templated":true}]}}