{"id":307350,"date":"2025-08-09T08:33:16","date_gmt":"2025-08-09T06:33:16","guid":{"rendered":"https:\/\/www.evearly.news\/fr\/au-volant-pendant-6-heures-une-etude-revele-le-temps-passe-les-yeux-fermes\/"},"modified":"2025-08-09T08:33:16","modified_gmt":"2025-08-09T06:33:16","slug":"au-volant-pendant-6-heures-une-etude-revele-le-temps-passe-les-yeux-fermes","status":"publish","type":"post","link":"https:\/\/www.evearly.news\/fr\/au-volant-pendant-6-heures-une-etude-revele-le-temps-passe-les-yeux-fermes\/","title":{"rendered":"Au volant pendant 6 heures, une \u00e9tude r\u00e9v\u00e8le le temps pass\u00e9 les yeux ferm\u00e9s"},"content":{"rendered":"<p><img loading=\"lazy\" width=\"1920\" height=\"1280\" src=\"https:\/\/www.evearly.news\/fr\/wp-content\/uploads\/sites\/6\/2025\/08\/au-volant-pendant-6-heures-une-etude-revele-le-temps-passe-les-yeux-fermes.jpg\" class=\"attachment-full size-full wp-post-image\" alt=\"Conducteur Voiture Yeux Fermes\" decoding=\"async\" srcset=\"https:\/\/www.evearly.news\/fr\/wp-content\/uploads\/sites\/6\/2025\/08\/au-volant-pendant-6-heures-une-etude-revele-le-temps-passe-les-yeux-fermes.jpg 1920w, https:\/\/www.evearly.news\/fr\/wp-content\/uploads\/sites\/6\/2025\/08\/au-volant-pendant-6-heures-une-etude-revele-le-temps-passe-les-yeux-fermes-1.jpg 384w, https:\/\/www.evearly.news\/fr\/wp-content\/uploads\/sites\/6\/2025\/08\/au-volant-pendant-6-heures-une-etude-revele-le-temps-passe-les-yeux-fermes-2.jpg 880w, https:\/\/www.evearly.news\/fr\/wp-content\/uploads\/sites\/6\/2025\/08\/au-volant-pendant-6-heures-une-etude-revele-le-temps-passe-les-yeux-fermes-3.jpg 50w, https:\/\/www.evearly.news\/fr\/wp-content\/uploads\/sites\/6\/2025\/08\/au-volant-pendant-6-heures-une-etude-revele-le-temps-passe-les-yeux-fermes-4.jpg 640w, https:\/\/www.evearly.news\/fr\/wp-content\/uploads\/sites\/6\/2025\/08\/au-volant-pendant-6-heures-une-etude-revele-le-temps-passe-les-yeux-fermes-5.jpg 1280w, https:\/\/www.presse-citron.net\/app\/uploads\/2025\/08\/conducteur-voiture-yeux-fermes-1632x1088.jpg 1632w\" sizes=\"auto, (max-width: 1920px) 100vw, 1920px\"><\/p>\n<p>Comme des millions de fran\u00e7ais vous avez d\u00e9j\u00e0 pris la route pendant de longues heures, mais savez-vous \u00e0 quel point c&rsquo;est dangereux ?<a href=\"https:\/\/www.presse-citron.net\/au-volant-pendant-6-heures-une-etude-revele-le-temps-passe-les-yeux-fermes\/\" target=blank> Lire la suite&#8230;<\/a><\/p>\n","protected":false},"excerpt":{"rendered":"<p>Comme des millions de fran\u00e7ais vous avez d\u00e9j\u00e0 pris la route pendant de longues heures, mais savez-vous \u00e0 quel point c&rsquo;est dangereux ?&#8230; <a class=\"continue-reading-link\" href=\"https:\/\/www.evearly.news\/fr\/au-volant-pendant-6-heures-une-etude-revele-le-temps-passe-les-yeux-fermes\/\"><\/a><\/p>\n","protected":false},"author":18,"featured_media":307351,"comment_status":"closed","ping_status":"open","sticky":false,"template":"Default","format":"standard","meta":{"footnotes":""},"categories":[19],"tags":[],"class_list":["post-307350","post","type-post","status-publish","format-standard","has-post-thumbnail","hentry","category-presse-citron"],"_links":{"self":[{"href":"https:\/\/www.evearly.news\/fr\/wp-json\/wp\/v2\/posts\/307350","targetHints":{"allow":["GET"]}}],"collection":[{"href":"https:\/\/www.evearly.news\/fr\/wp-json\/wp\/v2\/posts"}],"about":[{"href":"https:\/\/www.evearly.news\/fr\/wp-json\/wp\/v2\/types\/post"}],"author":[{"embeddable":true,"href":"https:\/\/www.evearly.news\/fr\/wp-json\/wp\/v2\/users\/18"}],"replies":[{"embeddable":true,"href":"https:\/\/www.evearly.news\/fr\/wp-json\/wp\/v2\/comments?post=307350"}],"version-history":[{"count":0,"href":"https:\/\/www.evearly.news\/fr\/wp-json\/wp\/v2\/posts\/307350\/revisions"}],"wp:featuredmedia":[{"embeddable":true,"href":"https:\/\/www.evearly.news\/fr\/wp-json\/wp\/v2\/media\/307351"}],"wp:attachment":[{"href":"https:\/\/www.evearly.news\/fr\/wp-json\/wp\/v2\/media?parent=307350"}],"wp:term":[{"taxonomy":"category","embeddable":true,"href":"https:\/\/www.evearly.news\/fr\/wp-json\/wp\/v2\/categories?post=307350"},{"taxonomy":"post_tag","embeddable":true,"href":"https:\/\/www.evearly.news\/fr\/wp-json\/wp\/v2\/tags?post=307350"}],"curies":[{"name":"wp","href":"https:\/\/api.w.org\/{rel}","templated":true}]}}