{"id":307492,"date":"2025-08-13T12:08:19","date_gmt":"2025-08-13T10:08:19","guid":{"rendered":"https:\/\/www.evearly.news\/fr\/opel-presentera-un-concept-car-pour-sa-branche-gse-au-salon-de-munich\/"},"modified":"2025-08-13T12:08:19","modified_gmt":"2025-08-13T10:08:19","slug":"opel-presentera-un-concept-car-pour-sa-branche-gse-au-salon-de-munich","status":"publish","type":"post","link":"https:\/\/www.evearly.news\/fr\/opel-presentera-un-concept-car-pour-sa-branche-gse-au-salon-de-munich\/","title":{"rendered":"Opel pr\u00e9sentera un concept-car pour sa branche GSE au Salon de Munich"},"content":{"rendered":"<p><img decoding=\"async\" src=\"https:\/\/www.evearly.news\/fr\/wp-content\/uploads\/sites\/6\/2025\/08\/opel-presentera-un-concept-car-pour-sa-branche-gse-au-salon-de-munich.webp\" alt=\"auto-moto\"><br \/>Pour lancer v\u00e9ritablement sa nouvelle gamme sportive \u00e9lectrique GSE, Opel peut compter sur le Mokka GSE tout juste pr\u00e9sent\u00e9, mais aussi sur un concept \u00e9tonnant dont les premi\u00e8res images viennent d\u2019\u00eatre publi\u00e9es. Il sera pr\u00e9sent au prochain salon de Munich. <a href=https:\/\/www.auto-moto.com\/concept-car\/opel-concept-munich-62352 target=blank>Lire la suite&#8230;<\/a><\/p>\n","protected":false},"excerpt":{"rendered":"<p>Pour lancer v\u00e9ritablement sa nouvelle gamme sportive \u00e9lectrique GSE, Opel peut compter sur le Mokka GSE tout juste pr\u00e9sent\u00e9, mais aussi sur un concept \u00e9tonnant dont les premi\u00e8res images viennent d\u2019\u00eatre publi\u00e9es. Il sera pr\u00e9sent au prochain salon de Munich&#8230;. <a class=\"continue-reading-link\" href=\"https:\/\/www.evearly.news\/fr\/opel-presentera-un-concept-car-pour-sa-branche-gse-au-salon-de-munich\/\"><\/a><\/p>\n","protected":false},"author":9,"featured_media":307493,"comment_status":"closed","ping_status":"open","sticky":false,"template":"Default","format":"standard","meta":{"footnotes":""},"categories":[10],"tags":[],"class_list":["post-307492","post","type-post","status-publish","format-standard","has-post-thumbnail","hentry","category-auto-moto-com"],"_links":{"self":[{"href":"https:\/\/www.evearly.news\/fr\/wp-json\/wp\/v2\/posts\/307492","targetHints":{"allow":["GET"]}}],"collection":[{"href":"https:\/\/www.evearly.news\/fr\/wp-json\/wp\/v2\/posts"}],"about":[{"href":"https:\/\/www.evearly.news\/fr\/wp-json\/wp\/v2\/types\/post"}],"author":[{"embeddable":true,"href":"https:\/\/www.evearly.news\/fr\/wp-json\/wp\/v2\/users\/9"}],"replies":[{"embeddable":true,"href":"https:\/\/www.evearly.news\/fr\/wp-json\/wp\/v2\/comments?post=307492"}],"version-history":[{"count":0,"href":"https:\/\/www.evearly.news\/fr\/wp-json\/wp\/v2\/posts\/307492\/revisions"}],"wp:featuredmedia":[{"embeddable":true,"href":"https:\/\/www.evearly.news\/fr\/wp-json\/wp\/v2\/media\/307493"}],"wp:attachment":[{"href":"https:\/\/www.evearly.news\/fr\/wp-json\/wp\/v2\/media?parent=307492"}],"wp:term":[{"taxonomy":"category","embeddable":true,"href":"https:\/\/www.evearly.news\/fr\/wp-json\/wp\/v2\/categories?post=307492"},{"taxonomy":"post_tag","embeddable":true,"href":"https:\/\/www.evearly.news\/fr\/wp-json\/wp\/v2\/tags?post=307492"}],"curies":[{"name":"wp","href":"https:\/\/api.w.org\/{rel}","templated":true}]}}