{"id":307496,"date":"2025-08-13T12:34:42","date_gmt":"2025-08-13T10:34:42","guid":{"rendered":"https:\/\/www.evearly.news\/fr\/video-hyundai-ioniq-2-la-future-rivale-de-la-renault-4-electrique-deja-surprise-sur-la-route\/"},"modified":"2025-08-13T12:34:42","modified_gmt":"2025-08-13T10:34:42","slug":"video-hyundai-ioniq-2-la-future-rivale-de-la-renault-4-electrique-deja-surprise-sur-la-route","status":"publish","type":"post","link":"https:\/\/www.evearly.news\/fr\/video-hyundai-ioniq-2-la-future-rivale-de-la-renault-4-electrique-deja-surprise-sur-la-route\/","title":{"rendered":"Vid\u00e9o \u2013 Hyundai Ioniq 2 : la future rivale de la Renault 4 \u00e9lectrique d\u00e9j\u00e0 surprise sur la route"},"content":{"rendered":"<p><img decoding=\"async\" width=\"500\" height=\"333\" src=\"https:\/\/www.evearly.news\/fr\/wp-content\/uploads\/sites\/6\/2025\/08\/video-hyundai-ioniq-2-la-future-rivale-de-la-renault-4-electrique-deja-surprise-sur-la-route.jpg\" class=\"attachment-1200x800 size-1200x800 wp-post-image\" alt=\"Prise de recharge de la Hyundai Inster 2025\" loading=\"lazy\" srcset=\"https:\/\/www.evearly.news\/fr\/wp-content\/uploads\/sites\/6\/2025\/08\/video-hyundai-ioniq-2-la-future-rivale-de-la-renault-4-electrique-deja-surprise-sur-la-route.jpg 1600w, https:\/\/www.evearly.news\/fr\/wp-content\/uploads\/sites\/6\/2025\/08\/video-hyundai-ioniq-2-la-future-rivale-de-la-renault-4-electrique-deja-surprise-sur-la-route-1.jpg 1024w, https:\/\/www.evearly.news\/fr\/wp-content\/uploads\/sites\/6\/2025\/08\/video-hyundai-ioniq-2-la-future-rivale-de-la-renault-4-electrique-deja-surprise-sur-la-route-2.jpg 768w, https:\/\/www.evearly.news\/fr\/wp-content\/uploads\/sites\/6\/2025\/08\/video-hyundai-ioniq-2-la-future-rivale-de-la-renault-4-electrique-deja-surprise-sur-la-route-3.jpg 1536w, https:\/\/cdn.automobile-propre.com\/uploads\/2025\/01\/Hyundai-Inster-2025-essai-15-620x349.jpg 620w\" sizes=\"auto, (max-width: 1200px) 100vw, 1200px\" \/><br \/>\nHyundai pr\u00e9pare un nouveau mod\u00e8le \u00e9lectrique qui se placera entre l&rsquo;Inster et le Kona. Un prototype vient d&rsquo;\u00eatre film\u00e9. On\u2026\u00a0<a href=https:\/\/www.automobile-propre.com\/articles\/video-hyundai-ioniq-2-la-future-rivale-de-la-renault-4-electrique-deja-surprise-sur-la-route\/ target='bwindow'>Lire la suite&#8230;<\/a><\/p>\n","protected":false},"excerpt":{"rendered":"<p>&#8230; <a class=\"continue-reading-link\" href=\"https:\/\/www.evearly.news\/fr\/video-hyundai-ioniq-2-la-future-rivale-de-la-renault-4-electrique-deja-surprise-sur-la-route\/\"><\/a><\/p>\n","protected":false},"author":8,"featured_media":307497,"comment_status":"closed","ping_status":"open","sticky":false,"template":"Default","format":"standard","meta":{"footnotes":""},"categories":[8],"tags":[],"class_list":["post-307496","post","type-post","status-publish","format-standard","has-post-thumbnail","hentry","category-automobile-propre"],"_links":{"self":[{"href":"https:\/\/www.evearly.news\/fr\/wp-json\/wp\/v2\/posts\/307496","targetHints":{"allow":["GET"]}}],"collection":[{"href":"https:\/\/www.evearly.news\/fr\/wp-json\/wp\/v2\/posts"}],"about":[{"href":"https:\/\/www.evearly.news\/fr\/wp-json\/wp\/v2\/types\/post"}],"author":[{"embeddable":true,"href":"https:\/\/www.evearly.news\/fr\/wp-json\/wp\/v2\/users\/8"}],"replies":[{"embeddable":true,"href":"https:\/\/www.evearly.news\/fr\/wp-json\/wp\/v2\/comments?post=307496"}],"version-history":[{"count":0,"href":"https:\/\/www.evearly.news\/fr\/wp-json\/wp\/v2\/posts\/307496\/revisions"}],"wp:featuredmedia":[{"embeddable":true,"href":"https:\/\/www.evearly.news\/fr\/wp-json\/wp\/v2\/media\/307497"}],"wp:attachment":[{"href":"https:\/\/www.evearly.news\/fr\/wp-json\/wp\/v2\/media?parent=307496"}],"wp:term":[{"taxonomy":"category","embeddable":true,"href":"https:\/\/www.evearly.news\/fr\/wp-json\/wp\/v2\/categories?post=307496"},{"taxonomy":"post_tag","embeddable":true,"href":"https:\/\/www.evearly.news\/fr\/wp-json\/wp\/v2\/tags?post=307496"}],"curies":[{"name":"wp","href":"https:\/\/api.w.org\/{rel}","templated":true}]}}