{"id":307879,"date":"2025-08-26T11:40:59","date_gmt":"2025-08-26T09:40:59","guid":{"rendered":"https:\/\/www.evearly.news\/fr\/apple-carplay-va-se-transformer-a-la-rentree-3-changements-importants\/"},"modified":"2025-08-26T11:40:59","modified_gmt":"2025-08-26T09:40:59","slug":"apple-carplay-va-se-transformer-a-la-rentree-3-changements-importants","status":"publish","type":"post","link":"https:\/\/www.evearly.news\/fr\/apple-carplay-va-se-transformer-a-la-rentree-3-changements-importants\/","title":{"rendered":"Apple CarPlay va se transformer \u00e0 la rentr\u00e9e\u00a0: 3 changements importants"},"content":{"rendered":"<p><img width=\"1920\" height=\"1280\" src=\"https:\/\/www.evearly.news\/fr\/wp-content\/uploads\/sites\/6\/2025\/08\/apple-carplay-va-se-transformer-a-la-rentree-3-changements-importants.jpg\" class=\"attachment-full size-full wp-post-image\" alt=\"Apple Carplay iOS 26\" decoding=\"async\" loading=\"lazy\" srcset=\"https:\/\/www.evearly.news\/fr\/wp-content\/uploads\/sites\/6\/2025\/08\/apple-carplay-va-se-transformer-a-la-rentree-3-changements-importants.jpg 1920w, https:\/\/www.evearly.news\/fr\/wp-content\/uploads\/sites\/6\/2025\/08\/apple-carplay-va-se-transformer-a-la-rentree-3-changements-importants-1.jpg 384w, https:\/\/www.evearly.news\/fr\/wp-content\/uploads\/sites\/6\/2025\/08\/apple-carplay-va-se-transformer-a-la-rentree-3-changements-importants-2.jpg 880w, https:\/\/www.evearly.news\/fr\/wp-content\/uploads\/sites\/6\/2025\/08\/apple-carplay-va-se-transformer-a-la-rentree-3-changements-importants-3.jpg 50w, https:\/\/www.evearly.news\/fr\/wp-content\/uploads\/sites\/6\/2025\/08\/apple-carplay-va-se-transformer-a-la-rentree-3-changements-importants-4.jpg 640w, https:\/\/www.evearly.news\/fr\/wp-content\/uploads\/sites\/6\/2025\/08\/apple-carplay-va-se-transformer-a-la-rentree-3-changements-importants-5.jpg 1280w, https:\/\/www.presse-citron.net\/app\/uploads\/2025\/08\/apple-carplay-ios-26-1632x1088.jpg 1632w\" sizes=\"auto, (max-width: 1920px) 100vw, 1920px\"><\/p>\n<p>Apple a pr\u00e9sent\u00e9 d\u00e9but juin iOS 26, sa nouvelle mise \u00e0 jour logicielle pour l&rsquo;iPhone, mais aussi CarPlay.<a href=\"https:\/\/www.presse-citron.net\/apple-carplay-transformer-rentree\/\" target=blank> Lire la suite&#8230;<\/a><\/p>\n","protected":false},"excerpt":{"rendered":"<p>Apple a pr\u00e9sent\u00e9 d\u00e9but juin iOS 26, sa nouvelle mise \u00e0 jour logicielle pour l&rsquo;iPhone, mais aussi CarPlay&#8230;. <a class=\"continue-reading-link\" href=\"https:\/\/www.evearly.news\/fr\/apple-carplay-va-se-transformer-a-la-rentree-3-changements-importants\/\"><\/a><\/p>\n","protected":false},"author":18,"featured_media":307880,"comment_status":"closed","ping_status":"open","sticky":false,"template":"Default","format":"standard","meta":{"footnotes":""},"categories":[19],"tags":[],"class_list":["post-307879","post","type-post","status-publish","format-standard","has-post-thumbnail","hentry","category-presse-citron"],"_links":{"self":[{"href":"https:\/\/www.evearly.news\/fr\/wp-json\/wp\/v2\/posts\/307879","targetHints":{"allow":["GET"]}}],"collection":[{"href":"https:\/\/www.evearly.news\/fr\/wp-json\/wp\/v2\/posts"}],"about":[{"href":"https:\/\/www.evearly.news\/fr\/wp-json\/wp\/v2\/types\/post"}],"author":[{"embeddable":true,"href":"https:\/\/www.evearly.news\/fr\/wp-json\/wp\/v2\/users\/18"}],"replies":[{"embeddable":true,"href":"https:\/\/www.evearly.news\/fr\/wp-json\/wp\/v2\/comments?post=307879"}],"version-history":[{"count":0,"href":"https:\/\/www.evearly.news\/fr\/wp-json\/wp\/v2\/posts\/307879\/revisions"}],"wp:featuredmedia":[{"embeddable":true,"href":"https:\/\/www.evearly.news\/fr\/wp-json\/wp\/v2\/media\/307880"}],"wp:attachment":[{"href":"https:\/\/www.evearly.news\/fr\/wp-json\/wp\/v2\/media?parent=307879"}],"wp:term":[{"taxonomy":"category","embeddable":true,"href":"https:\/\/www.evearly.news\/fr\/wp-json\/wp\/v2\/categories?post=307879"},{"taxonomy":"post_tag","embeddable":true,"href":"https:\/\/www.evearly.news\/fr\/wp-json\/wp\/v2\/tags?post=307879"}],"curies":[{"name":"wp","href":"https:\/\/api.w.org\/{rel}","templated":true}]}}