{"id":308185,"date":"2025-09-01T15:23:38","date_gmt":"2025-09-01T13:23:38","guid":{"rendered":"https:\/\/www.evearly.news\/fr\/on-ne-sait-pas-exactement-dou-viennent-nos-batteries-de-voitures-electriques-la-france-veut-donc-ouvrir-ses-propres-mines\/"},"modified":"2025-09-01T15:23:38","modified_gmt":"2025-09-01T13:23:38","slug":"on-ne-sait-pas-exactement-dou-viennent-nos-batteries-de-voitures-electriques-la-france-veut-donc-ouvrir-ses-propres-mines","status":"publish","type":"post","link":"https:\/\/www.evearly.news\/fr\/on-ne-sait-pas-exactement-dou-viennent-nos-batteries-de-voitures-electriques-la-france-veut-donc-ouvrir-ses-propres-mines\/","title":{"rendered":"On ne sait pas exactement d&rsquo;o\u00f9 viennent nos batteries de voitures \u00e9lectriques, la France veut donc ouvrir ses propres mines"},"content":{"rendered":"<div class=\"media_block\"><img decoding=\"async\" src=\"https:\/\/www.evearly.news\/fr\/wp-content\/uploads\/sites\/6\/2025\/09\/on-ne-sait-pas-exactement-dou-viennent-nos-batteries-de-voitures-electriques-la-france-veut-donc-ouvrir-ses-propres-mines.jpg\"><\/div>\n<p>Le cabinet du ministre de l&rsquo;Industrie et de l&rsquo;\u00c9nergie confirme que la France veut acc\u00e9l\u00e9rer le tempo des proc\u00e9dures d&rsquo;exploitations mini\u00e8res en France pour extraire et surtout ensuite raffiner ces m\u00e9taux si pr\u00e9cieux pour les batteries de voitures \u00e9lectriques, et pour les moteurs. Mais l&rsquo;heure est plus \u00e0 la recherche qu&rsquo;aux premiers permis d&rsquo;exploiter. Il faut toujours composer avec la col\u00e8re des locaux, et les craintes environnementales. <a href=https:\/\/www.automobile-magazine.fr\/voitures-electriques\/article\/49253-on-ne-sait-pas-exactement-dou-viennent-nos-batteries-de-voitures-electriques-la-france-veut-donc-ouvrir-ses-propres-mines target='bwindow'>Lire la suite&#8230;<\/a><\/p>\n","protected":false},"excerpt":{"rendered":"<div class=\"media_block\"><img decoding=\"async\" src=\"https:\/\/www.evearly.news\/fr\/wp-content\/uploads\/sites\/6\/2025\/09\/on-ne-sait-pas-exactement-dou-viennent-nos-batteries-de-voitures-electriques-la-france-veut-donc-ouvrir-ses-propres-mines.jpg\"><\/div>\n<p> <a class=\"continue-reading-link\" href=\"https:\/\/www.evearly.news\/fr\/on-ne-sait-pas-exactement-dou-viennent-nos-batteries-de-voitures-electriques-la-france-veut-donc-ouvrir-ses-propres-mines\/\"><\/a><\/p>\n","protected":false},"author":7,"featured_media":308186,"comment_status":"closed","ping_status":"open","sticky":false,"template":"Default","format":"standard","meta":{"footnotes":""},"categories":[7],"tags":[],"class_list":["post-308185","post","type-post","status-publish","format-standard","has-post-thumbnail","hentry","category-automobile-magazine"],"_links":{"self":[{"href":"https:\/\/www.evearly.news\/fr\/wp-json\/wp\/v2\/posts\/308185","targetHints":{"allow":["GET"]}}],"collection":[{"href":"https:\/\/www.evearly.news\/fr\/wp-json\/wp\/v2\/posts"}],"about":[{"href":"https:\/\/www.evearly.news\/fr\/wp-json\/wp\/v2\/types\/post"}],"author":[{"embeddable":true,"href":"https:\/\/www.evearly.news\/fr\/wp-json\/wp\/v2\/users\/7"}],"replies":[{"embeddable":true,"href":"https:\/\/www.evearly.news\/fr\/wp-json\/wp\/v2\/comments?post=308185"}],"version-history":[{"count":0,"href":"https:\/\/www.evearly.news\/fr\/wp-json\/wp\/v2\/posts\/308185\/revisions"}],"wp:featuredmedia":[{"embeddable":true,"href":"https:\/\/www.evearly.news\/fr\/wp-json\/wp\/v2\/media\/308186"}],"wp:attachment":[{"href":"https:\/\/www.evearly.news\/fr\/wp-json\/wp\/v2\/media?parent=308185"}],"wp:term":[{"taxonomy":"category","embeddable":true,"href":"https:\/\/www.evearly.news\/fr\/wp-json\/wp\/v2\/categories?post=308185"},{"taxonomy":"post_tag","embeddable":true,"href":"https:\/\/www.evearly.news\/fr\/wp-json\/wp\/v2\/tags?post=308185"}],"curies":[{"name":"wp","href":"https:\/\/api.w.org\/{rel}","templated":true}]}}