{"id":308187,"date":"2025-09-01T15:50:04","date_gmt":"2025-09-01T13:50:04","guid":{"rendered":"https:\/\/www.evearly.news\/fr\/nouvelle-mg4-electrique-une-version-avec-une-batterie-innovante-a-un-prix-delirant\/"},"modified":"2025-09-01T15:50:04","modified_gmt":"2025-09-01T13:50:04","slug":"nouvelle-mg4-electrique-une-version-avec-une-batterie-innovante-a-un-prix-delirant","status":"publish","type":"post","link":"https:\/\/www.evearly.news\/fr\/nouvelle-mg4-electrique-une-version-avec-une-batterie-innovante-a-un-prix-delirant\/","title":{"rendered":"Nouvelle MG4 \u00e9lectrique : une version avec une batterie innovante \u00e0 un prix d\u00e9lirant !"},"content":{"rendered":"<p><img loading=\"lazy\" decoding=\"async\" width=\"500\" height=\"333\" src=\"https:\/\/www.evearly.news\/fr\/wp-content\/uploads\/sites\/6\/2025\/09\/nouvelle-mg4-electrique-une-version-avec-une-batterie-innovante-a-un-prix-delirant.webp\" class=\"attachment-1200x800 size-1200x800 wp-post-image\" alt=\"\" srcset=\"https:\/\/www.evearly.news\/fr\/wp-content\/uploads\/sites\/6\/2025\/09\/nouvelle-mg4-electrique-une-version-avec-une-batterie-innovante-a-un-prix-delirant.webp 1400w, https:\/\/www.evearly.news\/fr\/wp-content\/uploads\/sites\/6\/2025\/09\/nouvelle-mg4-electrique-une-version-avec-une-batterie-innovante-a-un-prix-delirant-1.webp 1024w, https:\/\/www.evearly.news\/fr\/wp-content\/uploads\/sites\/6\/2025\/09\/nouvelle-mg4-electrique-une-version-avec-une-batterie-innovante-a-un-prix-delirant-2.webp 768w, https:\/\/cdn.automobile-propre.com\/uploads\/2025\/09\/First-EV-solid-state-battery-price-620x310.webp 620w\" sizes=\"auto, (max-width: 1200px) 100vw, 1200px\" \/><br \/>\nC&rsquo;est une \u00e9tape importante dans le monde de l&rsquo;\u00e9lectromobilit\u00e9. Une voiture \u00e9lectrique \u00e9quip\u00e9e d&rsquo;une batterie semi-solide vient d&rsquo;\u00eatre commercialis\u00e9e. Il s&rsquo;agit de la nouvelle MG4 vendue en Chine et dont le tarif d\u00e9marre sous les 10 000 euros.\u00a0<a href=https:\/\/www.automobile-propre.com\/breves\/lancement-de-la-nouvelle-mg4-une-voiture-electrique-equipee-dune-batterie-semi-solide\/ target='bwindow'>Lire la suite&#8230;<\/a><\/p>\n","protected":false},"excerpt":{"rendered":"<p>&#8230; <a class=\"continue-reading-link\" href=\"https:\/\/www.evearly.news\/fr\/nouvelle-mg4-electrique-une-version-avec-une-batterie-innovante-a-un-prix-delirant\/\"><\/a><\/p>\n","protected":false},"author":8,"featured_media":308188,"comment_status":"closed","ping_status":"open","sticky":false,"template":"Default","format":"standard","meta":{"footnotes":""},"categories":[8],"tags":[],"class_list":["post-308187","post","type-post","status-publish","format-standard","has-post-thumbnail","hentry","category-automobile-propre"],"_links":{"self":[{"href":"https:\/\/www.evearly.news\/fr\/wp-json\/wp\/v2\/posts\/308187","targetHints":{"allow":["GET"]}}],"collection":[{"href":"https:\/\/www.evearly.news\/fr\/wp-json\/wp\/v2\/posts"}],"about":[{"href":"https:\/\/www.evearly.news\/fr\/wp-json\/wp\/v2\/types\/post"}],"author":[{"embeddable":true,"href":"https:\/\/www.evearly.news\/fr\/wp-json\/wp\/v2\/users\/8"}],"replies":[{"embeddable":true,"href":"https:\/\/www.evearly.news\/fr\/wp-json\/wp\/v2\/comments?post=308187"}],"version-history":[{"count":0,"href":"https:\/\/www.evearly.news\/fr\/wp-json\/wp\/v2\/posts\/308187\/revisions"}],"wp:featuredmedia":[{"embeddable":true,"href":"https:\/\/www.evearly.news\/fr\/wp-json\/wp\/v2\/media\/308188"}],"wp:attachment":[{"href":"https:\/\/www.evearly.news\/fr\/wp-json\/wp\/v2\/media?parent=308187"}],"wp:term":[{"taxonomy":"category","embeddable":true,"href":"https:\/\/www.evearly.news\/fr\/wp-json\/wp\/v2\/categories?post=308187"},{"taxonomy":"post_tag","embeddable":true,"href":"https:\/\/www.evearly.news\/fr\/wp-json\/wp\/v2\/tags?post=308187"}],"curies":[{"name":"wp","href":"https:\/\/api.w.org\/{rel}","templated":true}]}}