{"id":308211,"date":"2025-09-02T08:26:45","date_gmt":"2025-09-02T06:26:45","guid":{"rendered":"https:\/\/www.evearly.news\/fr\/bosch-et-volkswagen-veulent-democratiser-la-conduite-autonome-des-2026\/"},"modified":"2025-09-02T08:26:45","modified_gmt":"2025-09-02T06:26:45","slug":"bosch-et-volkswagen-veulent-democratiser-la-conduite-autonome-des-2026","status":"publish","type":"post","link":"https:\/\/www.evearly.news\/fr\/bosch-et-volkswagen-veulent-democratiser-la-conduite-autonome-des-2026\/","title":{"rendered":"Bosch et Volkswagen veulent d\u00e9mocratiser la conduite autonome d\u00e8s 2026"},"content":{"rendered":"<p><img loading=\"lazy\" width=\"1920\" height=\"1280\" src=\"https:\/\/www.evearly.news\/fr\/wp-content\/uploads\/sites\/6\/2025\/09\/bosch-et-volkswagen-veulent-democratiser-la-conduite-autonome-des-2026.jpg\" class=\"attachment-full size-full wp-post-image\" alt=\"Volkswagen Bosch\" decoding=\"async\" srcset=\"https:\/\/www.evearly.news\/fr\/wp-content\/uploads\/sites\/6\/2025\/09\/bosch-et-volkswagen-veulent-democratiser-la-conduite-autonome-des-2026.jpg 1920w, https:\/\/www.evearly.news\/fr\/wp-content\/uploads\/sites\/6\/2025\/09\/bosch-et-volkswagen-veulent-democratiser-la-conduite-autonome-des-2026-1.jpg 384w, https:\/\/www.evearly.news\/fr\/wp-content\/uploads\/sites\/6\/2025\/09\/bosch-et-volkswagen-veulent-democratiser-la-conduite-autonome-des-2026-2.jpg 880w, https:\/\/www.evearly.news\/fr\/wp-content\/uploads\/sites\/6\/2025\/09\/bosch-et-volkswagen-veulent-democratiser-la-conduite-autonome-des-2026-3.jpg 50w, https:\/\/www.evearly.news\/fr\/wp-content\/uploads\/sites\/6\/2025\/09\/bosch-et-volkswagen-veulent-democratiser-la-conduite-autonome-des-2026-4.jpg 640w, https:\/\/www.evearly.news\/fr\/wp-content\/uploads\/sites\/6\/2025\/09\/bosch-et-volkswagen-veulent-democratiser-la-conduite-autonome-des-2026-5.jpg 1280w, https:\/\/www.presse-citron.net\/app\/uploads\/2025\/09\/Volkswagen-Bosch-1632x1088.jpeg 1632w\" sizes=\"auto, (max-width: 1920px) 100vw, 1920px\"><\/p>\n<p>L\u2019Automated Driving Alliance de Bosch et Volkswagen (via Cariad) d\u00e9veloppe un syst\u00e8me de conduite autonome accessible sur plus de v\u00e9hicules (et pas uniquement sur les voitures de luxe).<a href=\"https:\/\/www.presse-citron.net\/bosch-et-volkswagen-veulent-democratiser-la-conduite-autonome-des-2026\/\" target=blank> Lire la suite&#8230;<\/a><\/p>\n","protected":false},"excerpt":{"rendered":"<p>L\u2019Automated Driving Alliance de Bosch et Volkswagen (via Cariad) d\u00e9veloppe un syst\u00e8me de conduite autonome accessible sur plus de v\u00e9hicules (et pas uniquement sur les voitures de luxe)&#8230;. <a class=\"continue-reading-link\" href=\"https:\/\/www.evearly.news\/fr\/bosch-et-volkswagen-veulent-democratiser-la-conduite-autonome-des-2026\/\"><\/a><\/p>\n","protected":false},"author":18,"featured_media":308212,"comment_status":"closed","ping_status":"open","sticky":false,"template":"Default","format":"standard","meta":{"footnotes":""},"categories":[19],"tags":[],"class_list":["post-308211","post","type-post","status-publish","format-standard","has-post-thumbnail","hentry","category-presse-citron"],"_links":{"self":[{"href":"https:\/\/www.evearly.news\/fr\/wp-json\/wp\/v2\/posts\/308211","targetHints":{"allow":["GET"]}}],"collection":[{"href":"https:\/\/www.evearly.news\/fr\/wp-json\/wp\/v2\/posts"}],"about":[{"href":"https:\/\/www.evearly.news\/fr\/wp-json\/wp\/v2\/types\/post"}],"author":[{"embeddable":true,"href":"https:\/\/www.evearly.news\/fr\/wp-json\/wp\/v2\/users\/18"}],"replies":[{"embeddable":true,"href":"https:\/\/www.evearly.news\/fr\/wp-json\/wp\/v2\/comments?post=308211"}],"version-history":[{"count":0,"href":"https:\/\/www.evearly.news\/fr\/wp-json\/wp\/v2\/posts\/308211\/revisions"}],"wp:featuredmedia":[{"embeddable":true,"href":"https:\/\/www.evearly.news\/fr\/wp-json\/wp\/v2\/media\/308212"}],"wp:attachment":[{"href":"https:\/\/www.evearly.news\/fr\/wp-json\/wp\/v2\/media?parent=308211"}],"wp:term":[{"taxonomy":"category","embeddable":true,"href":"https:\/\/www.evearly.news\/fr\/wp-json\/wp\/v2\/categories?post=308211"},{"taxonomy":"post_tag","embeddable":true,"href":"https:\/\/www.evearly.news\/fr\/wp-json\/wp\/v2\/tags?post=308211"}],"curies":[{"name":"wp","href":"https:\/\/api.w.org\/{rel}","templated":true}]}}