{"id":308213,"date":"2025-09-02T08:27:00","date_gmt":"2025-09-02T06:27:00","guid":{"rendered":"https:\/\/www.evearly.news\/fr\/citroen-lance-une-c3-electrique-a-moins-de-20-000-e\/"},"modified":"2025-09-02T08:27:00","modified_gmt":"2025-09-02T06:27:00","slug":"citroen-lance-une-c3-electrique-a-moins-de-20-000-e","status":"publish","type":"post","link":"https:\/\/www.evearly.news\/fr\/citroen-lance-une-c3-electrique-a-moins-de-20-000-e\/","title":{"rendered":"Citro\u00ebn lance une C3 \u00e9lectrique \u00e0 moins de 20 000 \u20ac"},"content":{"rendered":"<p><img decoding=\"async\" width=\"500\" height=\"333\" src=\"https:\/\/cdn.automobile-propre.com\/uploads\/2024\/03\/Citroe\u0308n-e\u0308-C3-bleue.png\" class=\"attachment-1200x800 size-1200x800 wp-post-image\" alt=\"\" loading=\"lazy\" srcset=\"https:\/\/cdn.automobile-propre.com\/uploads\/2024\/03\/Citroe\u0308n-e\u0308-C3-bleue.png 1275w, https:\/\/cdn.automobile-propre.com\/uploads\/2024\/03\/Citroe\u0308n-e\u0308-C3-bleue-1024x574.png 1024w, https:\/\/cdn.automobile-propre.com\/uploads\/2024\/03\/Citroe\u0308n-e\u0308-C3-bleue-768x431.png 768w, https:\/\/cdn.automobile-propre.com\/uploads\/2024\/03\/Citroe\u0308n-e\u0308-C3-bleue-620x348.png 620w\" sizes=\"auto, (max-width: 1200px) 100vw, 1200px\" \/><br \/>\nPromise depuis le lancement du mod\u00e8le, la C3 \u00e9lectrique avec une petite batterie de 30 kWh est disponible \u00e0 la commande. Si l&rsquo;autonomie descend \u00e0 200 km environ, le prix est tr\u00e8s agressif. De quoi encore plus g\u00eaner la Dacia Spring.\u00a0<a href=https:\/\/www.automobile-propre.com\/articles\/citroen-lance-une-c3-electrique-a-moins-de-20-000-e\/ target='bwindow'>Lire la suite&#8230;<\/a><\/p>\n","protected":false},"excerpt":{"rendered":"<p>&#8230; <a class=\"continue-reading-link\" href=\"https:\/\/www.evearly.news\/fr\/citroen-lance-une-c3-electrique-a-moins-de-20-000-e\/\"><\/a><\/p>\n","protected":false},"author":8,"featured_media":0,"comment_status":"closed","ping_status":"open","sticky":false,"template":"Default","format":"standard","meta":{"footnotes":""},"categories":[8],"tags":[],"class_list":["post-308213","post","type-post","status-publish","format-standard","hentry","category-automobile-propre"],"_links":{"self":[{"href":"https:\/\/www.evearly.news\/fr\/wp-json\/wp\/v2\/posts\/308213","targetHints":{"allow":["GET"]}}],"collection":[{"href":"https:\/\/www.evearly.news\/fr\/wp-json\/wp\/v2\/posts"}],"about":[{"href":"https:\/\/www.evearly.news\/fr\/wp-json\/wp\/v2\/types\/post"}],"author":[{"embeddable":true,"href":"https:\/\/www.evearly.news\/fr\/wp-json\/wp\/v2\/users\/8"}],"replies":[{"embeddable":true,"href":"https:\/\/www.evearly.news\/fr\/wp-json\/wp\/v2\/comments?post=308213"}],"version-history":[{"count":0,"href":"https:\/\/www.evearly.news\/fr\/wp-json\/wp\/v2\/posts\/308213\/revisions"}],"wp:attachment":[{"href":"https:\/\/www.evearly.news\/fr\/wp-json\/wp\/v2\/media?parent=308213"}],"wp:term":[{"taxonomy":"category","embeddable":true,"href":"https:\/\/www.evearly.news\/fr\/wp-json\/wp\/v2\/categories?post=308213"},{"taxonomy":"post_tag","embeddable":true,"href":"https:\/\/www.evearly.news\/fr\/wp-json\/wp\/v2\/tags?post=308213"}],"curies":[{"name":"wp","href":"https:\/\/api.w.org\/{rel}","templated":true}]}}