{"id":308216,"date":"2025-09-02T09:22:57","date_gmt":"2025-09-02T07:22:57","guid":{"rendered":"https:\/\/www.evearly.news\/fr\/la-smart-va-redevenir-une-petite-voiture-en-2026\/"},"modified":"2025-09-02T09:22:57","modified_gmt":"2025-09-02T07:22:57","slug":"la-smart-va-redevenir-une-petite-voiture-en-2026","status":"publish","type":"post","link":"https:\/\/www.evearly.news\/fr\/la-smart-va-redevenir-une-petite-voiture-en-2026\/","title":{"rendered":"La Smart va redevenir une petite voiture en 2026"},"content":{"rendered":"<p><img width=\"1920\" height=\"1280\" src=\"https:\/\/www.evearly.news\/fr\/wp-content\/uploads\/sites\/6\/2025\/09\/la-smart-va-redevenir-une-petite-voiture-en-2026.jpg\" class=\"attachment-full size-full wp-post-image\" alt=\"Smart 2\" decoding=\"async\" loading=\"lazy\" srcset=\"https:\/\/www.evearly.news\/fr\/wp-content\/uploads\/sites\/6\/2025\/09\/la-smart-va-redevenir-une-petite-voiture-en-2026.jpg 1920w, https:\/\/www.evearly.news\/fr\/wp-content\/uploads\/sites\/6\/2025\/09\/la-smart-va-redevenir-une-petite-voiture-en-2026-1.jpg 384w, https:\/\/www.evearly.news\/fr\/wp-content\/uploads\/sites\/6\/2025\/09\/la-smart-va-redevenir-une-petite-voiture-en-2026-2.jpg 880w, https:\/\/www.evearly.news\/fr\/wp-content\/uploads\/sites\/6\/2025\/09\/la-smart-va-redevenir-une-petite-voiture-en-2026-3.jpg 50w, https:\/\/www.evearly.news\/fr\/wp-content\/uploads\/sites\/6\/2025\/09\/la-smart-va-redevenir-une-petite-voiture-en-2026-4.jpg 640w, https:\/\/www.evearly.news\/fr\/wp-content\/uploads\/sites\/6\/2025\/09\/la-smart-va-redevenir-une-petite-voiture-en-2026-5.jpg 1280w, https:\/\/www.presse-citron.net\/app\/uploads\/2025\/09\/smart-2-1632x1088.jpg 1632w\" sizes=\"auto, (max-width: 1920px) 100vw, 1920px\"><\/p>\n<p>En 2026, Smart va revenir \u00e0 ses origines, avec le lancement d&rsquo;une nouvelle citadine 2 places (toujours enti\u00e8rement \u00e9lectrique).<a href=\"https:\/\/www.presse-citron.net\/smart-redevenir-petite-voiture-2026\/\" target=blank> Lire la suite&#8230;<\/a><\/p>\n","protected":false},"excerpt":{"rendered":"<p>En 2026, Smart va revenir \u00e0 ses origines, avec le lancement d&rsquo;une nouvelle citadine 2 places (toujours enti\u00e8rement \u00e9lectrique)&#8230;. <a class=\"continue-reading-link\" href=\"https:\/\/www.evearly.news\/fr\/la-smart-va-redevenir-une-petite-voiture-en-2026\/\"><\/a><\/p>\n","protected":false},"author":18,"featured_media":308217,"comment_status":"closed","ping_status":"open","sticky":false,"template":"Default","format":"standard","meta":{"footnotes":""},"categories":[19],"tags":[],"class_list":["post-308216","post","type-post","status-publish","format-standard","has-post-thumbnail","hentry","category-presse-citron"],"_links":{"self":[{"href":"https:\/\/www.evearly.news\/fr\/wp-json\/wp\/v2\/posts\/308216","targetHints":{"allow":["GET"]}}],"collection":[{"href":"https:\/\/www.evearly.news\/fr\/wp-json\/wp\/v2\/posts"}],"about":[{"href":"https:\/\/www.evearly.news\/fr\/wp-json\/wp\/v2\/types\/post"}],"author":[{"embeddable":true,"href":"https:\/\/www.evearly.news\/fr\/wp-json\/wp\/v2\/users\/18"}],"replies":[{"embeddable":true,"href":"https:\/\/www.evearly.news\/fr\/wp-json\/wp\/v2\/comments?post=308216"}],"version-history":[{"count":0,"href":"https:\/\/www.evearly.news\/fr\/wp-json\/wp\/v2\/posts\/308216\/revisions"}],"wp:featuredmedia":[{"embeddable":true,"href":"https:\/\/www.evearly.news\/fr\/wp-json\/wp\/v2\/media\/308217"}],"wp:attachment":[{"href":"https:\/\/www.evearly.news\/fr\/wp-json\/wp\/v2\/media?parent=308216"}],"wp:term":[{"taxonomy":"category","embeddable":true,"href":"https:\/\/www.evearly.news\/fr\/wp-json\/wp\/v2\/categories?post=308216"},{"taxonomy":"post_tag","embeddable":true,"href":"https:\/\/www.evearly.news\/fr\/wp-json\/wp\/v2\/tags?post=308216"}],"curies":[{"name":"wp","href":"https:\/\/api.w.org\/{rel}","templated":true}]}}