{"id":308730,"date":"2025-09-10T19:23:17","date_gmt":"2025-09-10T17:23:17","guid":{"rendered":"https:\/\/www.evearly.news\/fr\/incroyable-cette-mercedes-electrique-a-atteint-une-puissance-de-charge-de-plus-de-1000-kw\/"},"modified":"2025-09-10T19:23:17","modified_gmt":"2025-09-10T17:23:17","slug":"incroyable-cette-mercedes-electrique-a-atteint-une-puissance-de-charge-de-plus-de-1000-kw","status":"publish","type":"post","link":"https:\/\/www.evearly.news\/fr\/incroyable-cette-mercedes-electrique-a-atteint-une-puissance-de-charge-de-plus-de-1000-kw\/","title":{"rendered":"Incroyable : cette Mercedes \u00e9lectrique a atteint une puissance de charge de plus de 1000 kW"},"content":{"rendered":"<p><img loading=\"lazy\" decoding=\"async\" width=\"500\" height=\"333\" src=\"https:\/\/www.evearly.news\/fr\/wp-content\/uploads\/sites\/6\/2025\/09\/incroyable-cette-mercedes-electrique-a-atteint-une-puissance-de-charge-de-plus-de-1000-kw.jpg\" class=\"attachment-1200x800 size-1200x800 wp-post-image\" alt=\"\" srcset=\"https:\/\/www.evearly.news\/fr\/wp-content\/uploads\/sites\/6\/2025\/09\/incroyable-cette-mercedes-electrique-a-atteint-une-puissance-de-charge-de-plus-de-1000-kw.jpg 1500w, https:\/\/www.evearly.news\/fr\/wp-content\/uploads\/sites\/6\/2025\/09\/incroyable-cette-mercedes-electrique-a-atteint-une-puissance-de-charge-de-plus-de-1000-kw-1.jpg 1024w, https:\/\/www.evearly.news\/fr\/wp-content\/uploads\/sites\/6\/2025\/09\/incroyable-cette-mercedes-electrique-a-atteint-une-puissance-de-charge-de-plus-de-1000-kw-2.jpg 768w, https:\/\/cdn.automobile-propre.com\/uploads\/2025\/09\/1600-4-620x349.jpeg 620w\" sizes=\"auto, (max-width: 1200px) 100vw, 1200px\" \/><br \/>\nMercedes continue de faire parler de son concept AMG GT XX. Apr\u00e8s avoir parcouru 40 000 km en 8 jours, l&rsquo;engin \u00e9lectrique vient de r\u00e9ussir un exploit \u00e0 la borne en atteignant une charge maximale de 1 041 kW.\u00a0<a href=https:\/\/www.automobile-propre.com\/breves\/incroyable-cette-mercedes-electrique-a-atteint-une-puissance-de-charge-de-plus-de-1000-kw\/ target='bwindow'>Lire la suite&#8230;<\/a><\/p>\n","protected":false},"excerpt":{"rendered":"<p>&#8230; <a class=\"continue-reading-link\" href=\"https:\/\/www.evearly.news\/fr\/incroyable-cette-mercedes-electrique-a-atteint-une-puissance-de-charge-de-plus-de-1000-kw\/\"><\/a><\/p>\n","protected":false},"author":8,"featured_media":308731,"comment_status":"closed","ping_status":"open","sticky":false,"template":"Default","format":"standard","meta":{"footnotes":""},"categories":[8],"tags":[],"class_list":["post-308730","post","type-post","status-publish","format-standard","has-post-thumbnail","hentry","category-automobile-propre"],"_links":{"self":[{"href":"https:\/\/www.evearly.news\/fr\/wp-json\/wp\/v2\/posts\/308730","targetHints":{"allow":["GET"]}}],"collection":[{"href":"https:\/\/www.evearly.news\/fr\/wp-json\/wp\/v2\/posts"}],"about":[{"href":"https:\/\/www.evearly.news\/fr\/wp-json\/wp\/v2\/types\/post"}],"author":[{"embeddable":true,"href":"https:\/\/www.evearly.news\/fr\/wp-json\/wp\/v2\/users\/8"}],"replies":[{"embeddable":true,"href":"https:\/\/www.evearly.news\/fr\/wp-json\/wp\/v2\/comments?post=308730"}],"version-history":[{"count":0,"href":"https:\/\/www.evearly.news\/fr\/wp-json\/wp\/v2\/posts\/308730\/revisions"}],"wp:featuredmedia":[{"embeddable":true,"href":"https:\/\/www.evearly.news\/fr\/wp-json\/wp\/v2\/media\/308731"}],"wp:attachment":[{"href":"https:\/\/www.evearly.news\/fr\/wp-json\/wp\/v2\/media?parent=308730"}],"wp:term":[{"taxonomy":"category","embeddable":true,"href":"https:\/\/www.evearly.news\/fr\/wp-json\/wp\/v2\/categories?post=308730"},{"taxonomy":"post_tag","embeddable":true,"href":"https:\/\/www.evearly.news\/fr\/wp-json\/wp\/v2\/tags?post=308730"}],"curies":[{"name":"wp","href":"https:\/\/api.w.org\/{rel}","templated":true}]}}