{"id":308734,"date":"2025-09-11T08:50:04","date_gmt":"2025-09-11T06:50:04","guid":{"rendered":"https:\/\/www.evearly.news\/fr\/exclusif-auto-moto-a-decamoufle-la-future-volkswagen-id-polo-decouvrez-la-en-faisant-glisser-votre-curseur-de-gauche-a-droite\/"},"modified":"2025-09-11T08:50:04","modified_gmt":"2025-09-11T06:50:04","slug":"exclusif-auto-moto-a-decamoufle-la-future-volkswagen-id-polo-decouvrez-la-en-faisant-glisser-votre-curseur-de-gauche-a-droite","status":"publish","type":"post","link":"https:\/\/www.evearly.news\/fr\/exclusif-auto-moto-a-decamoufle-la-future-volkswagen-id-polo-decouvrez-la-en-faisant-glisser-votre-curseur-de-gauche-a-droite\/","title":{"rendered":"EXCLUSIF : Auto-Moto a d\u00e9camoufl\u00e9 la future Volkswagen ID. Polo. D\u00e9couvrez-la en faisant glisser votre curseur de gauche \u00e0 droite"},"content":{"rendered":"<p><img decoding=\"async\" src=\"https:\/\/www.evearly.news\/fr\/wp-content\/uploads\/sites\/6\/2025\/09\/exclusif-auto-moto-a-decamoufle-la-future-volkswagen-id-polo-decouvrez-la-en-faisant-glisser-votre-curseur-de-gauche-a-droite.webp\" alt=\"auto-moto\"><br \/>Fra\u00eechement r\u00e9v\u00e9l\u00e9e au salon de Munich, la future Volkswagen ID. Polo rev\u00eatait toutefois un \u00e9pais camouflage pour masquer ses lignes d\u00e9finitives. Auto-Moto s\u2019est employ\u00e9 \u00e0 l\u2019\u00e9liminer gr\u00e2ce \u00e0 la magie des outils num\u00e9riques. <a href=https:\/\/www.auto-moto.com\/citadine\/exclusif-auto-moto-a-decamoufle-la-future-volkswagen-id-polo-decouvrez-la-en-faisant-glisser-votre-curseur-de-gauche-a-droite-63877 target=blank>Lire la suite&#8230;<\/a><\/p>\n","protected":false},"excerpt":{"rendered":"<p>Fra\u00eechement r\u00e9v\u00e9l\u00e9e au salon de Munich, la future Volkswagen ID. Polo rev\u00eatait toutefois un \u00e9pais camouflage pour masquer ses lignes d\u00e9finitives. Auto-Moto s\u2019est employ\u00e9 \u00e0 l\u2019\u00e9liminer gr\u00e2ce \u00e0 la magie des outils num\u00e9riques&#8230;. <a class=\"continue-reading-link\" href=\"https:\/\/www.evearly.news\/fr\/exclusif-auto-moto-a-decamoufle-la-future-volkswagen-id-polo-decouvrez-la-en-faisant-glisser-votre-curseur-de-gauche-a-droite\/\"><\/a><\/p>\n","protected":false},"author":9,"featured_media":308735,"comment_status":"closed","ping_status":"open","sticky":false,"template":"Default","format":"standard","meta":{"footnotes":""},"categories":[10],"tags":[],"class_list":["post-308734","post","type-post","status-publish","format-standard","has-post-thumbnail","hentry","category-auto-moto-com"],"_links":{"self":[{"href":"https:\/\/www.evearly.news\/fr\/wp-json\/wp\/v2\/posts\/308734","targetHints":{"allow":["GET"]}}],"collection":[{"href":"https:\/\/www.evearly.news\/fr\/wp-json\/wp\/v2\/posts"}],"about":[{"href":"https:\/\/www.evearly.news\/fr\/wp-json\/wp\/v2\/types\/post"}],"author":[{"embeddable":true,"href":"https:\/\/www.evearly.news\/fr\/wp-json\/wp\/v2\/users\/9"}],"replies":[{"embeddable":true,"href":"https:\/\/www.evearly.news\/fr\/wp-json\/wp\/v2\/comments?post=308734"}],"version-history":[{"count":0,"href":"https:\/\/www.evearly.news\/fr\/wp-json\/wp\/v2\/posts\/308734\/revisions"}],"wp:featuredmedia":[{"embeddable":true,"href":"https:\/\/www.evearly.news\/fr\/wp-json\/wp\/v2\/media\/308735"}],"wp:attachment":[{"href":"https:\/\/www.evearly.news\/fr\/wp-json\/wp\/v2\/media?parent=308734"}],"wp:term":[{"taxonomy":"category","embeddable":true,"href":"https:\/\/www.evearly.news\/fr\/wp-json\/wp\/v2\/categories?post=308734"},{"taxonomy":"post_tag","embeddable":true,"href":"https:\/\/www.evearly.news\/fr\/wp-json\/wp\/v2\/tags?post=308734"}],"curies":[{"name":"wp","href":"https:\/\/api.w.org\/{rel}","templated":true}]}}