{"id":308736,"date":"2025-09-11T09:04:02","date_gmt":"2025-09-11T07:04:02","guid":{"rendered":"https:\/\/www.evearly.news\/fr\/apres-7-annees-sans-la-moindre-nouveaute-seat-relancera-finalement-un-modele-que-vous-connaissez-tous\/"},"modified":"2025-09-11T09:04:02","modified_gmt":"2025-09-11T07:04:02","slug":"apres-7-annees-sans-la-moindre-nouveaute-seat-relancera-finalement-un-modele-que-vous-connaissez-tous","status":"publish","type":"post","link":"https:\/\/www.evearly.news\/fr\/apres-7-annees-sans-la-moindre-nouveaute-seat-relancera-finalement-un-modele-que-vous-connaissez-tous\/","title":{"rendered":"Apr\u00e8s 7 ann\u00e9es sans la moindre nouveaut\u00e9, Seat relancera finalement un mod\u00e8le que vous connaissez tous"},"content":{"rendered":"<div class=\"media_block\"><img decoding=\"async\" src=\"https:\/\/www.evearly.news\/fr\/wp-content\/uploads\/sites\/6\/2025\/09\/apres-7-annees-sans-la-moindre-nouveaute-seat-relancera-finalement-un-modele-que-vous-connaissez-tous.jpg\"><\/div>\n<p>Commercialis\u00e9e depuis 2017 et restyl\u00e9e en 2021, la Seat Ibiza passera une nouvelle fois sur la table d\u2019op\u00e9ration en 2026 afin de pouvoir jouer les prolongations. Si jusqu\u2019alors la rel\u00e8ve n\u2019\u00e9tait pas assur\u00e9e, la maison m\u00e8re vient d\u2019annoncer \u00e0 demi-mots que le futur de l\u2019Ibiza serait \u00e9lectrique et b\u00e9n\u00e9ficierait de la synergie avec la Volkswagen ID.Polo. Une future Seat Ibiza branch\u00e9e produite en Espagne, c\u2019est logique. <a href=https:\/\/www.automobile-magazine.fr\/scoops\/article\/49398-apres-7-annees-sans-la-moindre-nouveaute-seat-relancera-finalement-un-modele-que-vous-connaissez-tous target='bwindow'>Lire la suite&#8230;<\/a><\/p>\n","protected":false},"excerpt":{"rendered":"<div class=\"media_block\"><img decoding=\"async\" src=\"https:\/\/www.evearly.news\/fr\/wp-content\/uploads\/sites\/6\/2025\/09\/apres-7-annees-sans-la-moindre-nouveaute-seat-relancera-finalement-un-modele-que-vous-connaissez-tous.jpg\"><\/div>\n<p> <a class=\"continue-reading-link\" href=\"https:\/\/www.evearly.news\/fr\/apres-7-annees-sans-la-moindre-nouveaute-seat-relancera-finalement-un-modele-que-vous-connaissez-tous\/\"><\/a><\/p>\n","protected":false},"author":7,"featured_media":308737,"comment_status":"closed","ping_status":"open","sticky":false,"template":"Default","format":"standard","meta":{"footnotes":""},"categories":[7],"tags":[],"class_list":["post-308736","post","type-post","status-publish","format-standard","has-post-thumbnail","hentry","category-automobile-magazine"],"_links":{"self":[{"href":"https:\/\/www.evearly.news\/fr\/wp-json\/wp\/v2\/posts\/308736","targetHints":{"allow":["GET"]}}],"collection":[{"href":"https:\/\/www.evearly.news\/fr\/wp-json\/wp\/v2\/posts"}],"about":[{"href":"https:\/\/www.evearly.news\/fr\/wp-json\/wp\/v2\/types\/post"}],"author":[{"embeddable":true,"href":"https:\/\/www.evearly.news\/fr\/wp-json\/wp\/v2\/users\/7"}],"replies":[{"embeddable":true,"href":"https:\/\/www.evearly.news\/fr\/wp-json\/wp\/v2\/comments?post=308736"}],"version-history":[{"count":0,"href":"https:\/\/www.evearly.news\/fr\/wp-json\/wp\/v2\/posts\/308736\/revisions"}],"wp:featuredmedia":[{"embeddable":true,"href":"https:\/\/www.evearly.news\/fr\/wp-json\/wp\/v2\/media\/308737"}],"wp:attachment":[{"href":"https:\/\/www.evearly.news\/fr\/wp-json\/wp\/v2\/media?parent=308736"}],"wp:term":[{"taxonomy":"category","embeddable":true,"href":"https:\/\/www.evearly.news\/fr\/wp-json\/wp\/v2\/categories?post=308736"},{"taxonomy":"post_tag","embeddable":true,"href":"https:\/\/www.evearly.news\/fr\/wp-json\/wp\/v2\/tags?post=308736"}],"curies":[{"name":"wp","href":"https:\/\/api.w.org\/{rel}","templated":true}]}}