{"id":308738,"date":"2025-09-11T09:05:02","date_gmt":"2025-09-11T07:05:02","guid":{"rendered":"https:\/\/www.evearly.news\/fr\/dans-la-jungle-des-suv-electriques-ou-se-placent-les-nouveaux-ix3-et-glc-eq-face-au-tesla-model-y\/"},"modified":"2025-09-11T09:05:02","modified_gmt":"2025-09-11T07:05:02","slug":"dans-la-jungle-des-suv-electriques-ou-se-placent-les-nouveaux-ix3-et-glc-eq-face-au-tesla-model-y","status":"publish","type":"post","link":"https:\/\/www.evearly.news\/fr\/dans-la-jungle-des-suv-electriques-ou-se-placent-les-nouveaux-ix3-et-glc-eq-face-au-tesla-model-y\/","title":{"rendered":"Dans la jungle des SUV \u00e9lectriques, o\u00f9 se placent les nouveaux iX3 et GLC EQ face au Tesla Model Y ?"},"content":{"rendered":"<div class=\"media_block\"><img decoding=\"async\" src=\"https:\/\/www.evearly.news\/fr\/wp-content\/uploads\/sites\/6\/2025\/09\/dans-la-jungle-des-suv-electriques-ou-se-placent-les-nouveaux-ix3-et-glc-eq-face-au-tesla-model-y.jpg\"><\/div>\n<p>Au salon de la mobilit\u00e9 de Munich qui se tient du 9 au 14 septembre, BMW et Mercedes ont chacun d\u00e9voil\u00e9 une nouvelle g\u00e9n\u00e9ration de SUV \u00e9lectrique familial. L\u2019iX3 et le GLC EQ Technology entreront tous deux en lice au printemps 2026 face \u00e0 la r\u00e9f\u00e9rence du segment, le Tesla Model Y. Comment se positionnent ils face \u00e0 l\u2019am\u00e9ricain lanc\u00e9 en Europe \u00e0 l\u2019automne 2021 et qui vient de b\u00e9n\u00e9ficier un restylage en mars dernier ? <a href=https:\/\/www.automobile-magazine.fr\/nouveautes\/article\/49390-dans-la-jungle-des-suv-electriques-ou-se-placent-les-nouveaux-ix3-et-glc-eq-face-au-tesla-model-y target='bwindow'>Lire la suite&#8230;<\/a><\/p>\n","protected":false},"excerpt":{"rendered":"<div class=\"media_block\"><img decoding=\"async\" src=\"https:\/\/www.evearly.news\/fr\/wp-content\/uploads\/sites\/6\/2025\/09\/dans-la-jungle-des-suv-electriques-ou-se-placent-les-nouveaux-ix3-et-glc-eq-face-au-tesla-model-y.jpg\"><\/div>\n<p> <a class=\"continue-reading-link\" href=\"https:\/\/www.evearly.news\/fr\/dans-la-jungle-des-suv-electriques-ou-se-placent-les-nouveaux-ix3-et-glc-eq-face-au-tesla-model-y\/\"><\/a><\/p>\n","protected":false},"author":7,"featured_media":308739,"comment_status":"closed","ping_status":"open","sticky":false,"template":"Default","format":"standard","meta":{"footnotes":""},"categories":[7],"tags":[],"class_list":["post-308738","post","type-post","status-publish","format-standard","has-post-thumbnail","hentry","category-automobile-magazine"],"_links":{"self":[{"href":"https:\/\/www.evearly.news\/fr\/wp-json\/wp\/v2\/posts\/308738","targetHints":{"allow":["GET"]}}],"collection":[{"href":"https:\/\/www.evearly.news\/fr\/wp-json\/wp\/v2\/posts"}],"about":[{"href":"https:\/\/www.evearly.news\/fr\/wp-json\/wp\/v2\/types\/post"}],"author":[{"embeddable":true,"href":"https:\/\/www.evearly.news\/fr\/wp-json\/wp\/v2\/users\/7"}],"replies":[{"embeddable":true,"href":"https:\/\/www.evearly.news\/fr\/wp-json\/wp\/v2\/comments?post=308738"}],"version-history":[{"count":0,"href":"https:\/\/www.evearly.news\/fr\/wp-json\/wp\/v2\/posts\/308738\/revisions"}],"wp:featuredmedia":[{"embeddable":true,"href":"https:\/\/www.evearly.news\/fr\/wp-json\/wp\/v2\/media\/308739"}],"wp:attachment":[{"href":"https:\/\/www.evearly.news\/fr\/wp-json\/wp\/v2\/media?parent=308738"}],"wp:term":[{"taxonomy":"category","embeddable":true,"href":"https:\/\/www.evearly.news\/fr\/wp-json\/wp\/v2\/categories?post=308738"},{"taxonomy":"post_tag","embeddable":true,"href":"https:\/\/www.evearly.news\/fr\/wp-json\/wp\/v2\/tags?post=308738"}],"curies":[{"name":"wp","href":"https:\/\/api.w.org\/{rel}","templated":true}]}}