{"id":308872,"date":"2025-09-13T20:25:11","date_gmt":"2025-09-13T18:25:11","guid":{"rendered":"https:\/\/www.evearly.news\/fr\/poignees-tesla-interdites-crash-test-mg-delicat-velo-electrique-lidl-apres-un-an-dutilisation-le-recap-survoltes\/"},"modified":"2025-09-13T20:25:11","modified_gmt":"2025-09-13T18:25:11","slug":"poignees-tesla-interdites-crash-test-mg-delicat-velo-electrique-lidl-apres-un-an-dutilisation-le-recap-survoltes","status":"publish","type":"post","link":"https:\/\/www.evearly.news\/fr\/poignees-tesla-interdites-crash-test-mg-delicat-velo-electrique-lidl-apres-un-an-dutilisation-le-recap-survoltes\/","title":{"rendered":"Poign\u00e9es Tesla interdites, crash-test MG d\u00e9licat, v\u00e9lo \u00e9lectrique Lidl apr\u00e8s un an d\u2019utilisation \u00a0: le R\u00e9cap\u2019 Survolt\u00e9s"},"content":{"rendered":"<p><img loading=\"lazy\" width=\"1200\" height=\"675\" src=\"https:\/\/www.evearly.news\/fr\/wp-content\/uploads\/sites\/6\/2025\/09\/poignees-tesla-interdites-crash-test-mg-delicat-velo-electrique-lidl-apres-un-an-dutilisation-le-recap-survoltes.jpg\" class=\"attachment-full size-full wp-post-image\" alt=\"\" decoding=\"async\" \/<br \/>\nCette semaine, le monde de l\u2019\u00e9lectrique n\u2019a pas manqu\u00e9 de faire parler de lui : entre une pseudo-innovation qui vacille, un crash-test inqui\u00e9tant, ou encore l&rsquo;ambition folle d\u2019un fabricant d\u2019aspirateurs qui se prend pour Bugatti, les surprises ont \u00e9t\u00e9 nombreuses sur Survolt\u00e9s. Voici notre r\u00e9cap&rsquo; de la semaine.<br \/>\n <a href=https:\/\/www.frandroid.com\/survoltes\/2794395_recap-survoltes-202537 target='blank'>Lire la suite&#8230;<\/a><\/p>\n","protected":false},"excerpt":{"rendered":"<p>&lt;img width=&quot;1200&quot; height=&quot;675&quot; src=&quot;https:\/\/www.evearly.news\/fr\/wp-content\/uploads\/sites\/6\/2025\/09\/poignees-tesla-interdites-crash-test-mg-delicat-velo-electrique-lidl-apres-un-an-dutilisation-le-recap-survoltes.jpg&quot; class=&quot;attachment-full size-full wp-post-image&quot; alt=&quot;&quot; decoding=&quot;async&quot; \/<br \/>\nCette semaine, le monde de l\u2019\u00e9lectrique n\u2019a pas manqu\u00e9 de faire parler de lui : entre une pseudo-innovation qui vacille, un crash-test inqui\u00e9tant, ou encore l&rsquo;ambition folle d\u2019un fabricant d\u2019aspirateurs qui se prend pour Bugatti, les surprises ont \u00e9t\u00e9 nombreuses sur Survolt\u00e9s. Voici notre r\u00e9cap&rsquo; de la semaine.\n<\/p>\n<p> <a class=\"continue-reading-link\" href=\"https:\/\/www.evearly.news\/fr\/poignees-tesla-interdites-crash-test-mg-delicat-velo-electrique-lidl-apres-un-an-dutilisation-le-recap-survoltes\/\"><\/a><\/p>\n","protected":false},"author":6,"featured_media":308873,"comment_status":"closed","ping_status":"open","sticky":false,"template":"Default","format":"standard","meta":{"footnotes":""},"categories":[14],"tags":[],"class_list":["post-308872","post","type-post","status-publish","format-standard","has-post-thumbnail","hentry","category-frandroid"],"_links":{"self":[{"href":"https:\/\/www.evearly.news\/fr\/wp-json\/wp\/v2\/posts\/308872","targetHints":{"allow":["GET"]}}],"collection":[{"href":"https:\/\/www.evearly.news\/fr\/wp-json\/wp\/v2\/posts"}],"about":[{"href":"https:\/\/www.evearly.news\/fr\/wp-json\/wp\/v2\/types\/post"}],"author":[{"embeddable":true,"href":"https:\/\/www.evearly.news\/fr\/wp-json\/wp\/v2\/users\/6"}],"replies":[{"embeddable":true,"href":"https:\/\/www.evearly.news\/fr\/wp-json\/wp\/v2\/comments?post=308872"}],"version-history":[{"count":0,"href":"https:\/\/www.evearly.news\/fr\/wp-json\/wp\/v2\/posts\/308872\/revisions"}],"wp:featuredmedia":[{"embeddable":true,"href":"https:\/\/www.evearly.news\/fr\/wp-json\/wp\/v2\/media\/308873"}],"wp:attachment":[{"href":"https:\/\/www.evearly.news\/fr\/wp-json\/wp\/v2\/media?parent=308872"}],"wp:term":[{"taxonomy":"category","embeddable":true,"href":"https:\/\/www.evearly.news\/fr\/wp-json\/wp\/v2\/categories?post=308872"},{"taxonomy":"post_tag","embeddable":true,"href":"https:\/\/www.evearly.news\/fr\/wp-json\/wp\/v2\/tags?post=308872"}],"curies":[{"name":"wp","href":"https:\/\/api.w.org\/{rel}","templated":true}]}}