{"id":308878,"date":"2025-09-14T10:52:22","date_gmt":"2025-09-14T08:52:22","guid":{"rendered":"https:\/\/www.evearly.news\/fr\/ventes-de-voitures-electriques-ces-chiffres-montrent-la-chute-de-tesla\/"},"modified":"2025-09-14T10:52:22","modified_gmt":"2025-09-14T08:52:22","slug":"ventes-de-voitures-electriques-ces-chiffres-montrent-la-chute-de-tesla","status":"publish","type":"post","link":"https:\/\/www.evearly.news\/fr\/ventes-de-voitures-electriques-ces-chiffres-montrent-la-chute-de-tesla\/","title":{"rendered":"Ventes de voitures \u00e9lectriques : ces chiffres montrent la chute de Tesla"},"content":{"rendered":"<p><img loading=\"lazy\" decoding=\"async\" width=\"500\" height=\"333\" src=\"https:\/\/www.evearly.news\/fr\/wp-content\/uploads\/sites\/6\/2025\/09\/ventes-de-voitures-electriques-ces-chiffres-montrent-la-chute-de-tesla.jpg\" class=\"attachment-1200x800 size-1200x800 wp-post-image\" alt=\"\" srcset=\"https:\/\/www.evearly.news\/fr\/wp-content\/uploads\/sites\/6\/2025\/09\/ventes-de-voitures-electriques-ces-chiffres-montrent-la-chute-de-tesla.jpg 1920w, https:\/\/www.evearly.news\/fr\/wp-content\/uploads\/sites\/6\/2025\/09\/ventes-de-voitures-electriques-ces-chiffres-montrent-la-chute-de-tesla-1.jpg 1640w, https:\/\/www.evearly.news\/fr\/wp-content\/uploads\/sites\/6\/2025\/09\/ventes-de-voitures-electriques-ces-chiffres-montrent-la-chute-de-tesla-2.jpg 1024w, https:\/\/www.evearly.news\/fr\/wp-content\/uploads\/sites\/6\/2025\/09\/ventes-de-voitures-electriques-ces-chiffres-montrent-la-chute-de-tesla-3.jpg 768w, https:\/\/www.evearly.news\/fr\/wp-content\/uploads\/sites\/6\/2025\/09\/ventes-de-voitures-electriques-ces-chiffres-montrent-la-chute-de-tesla-4.jpg 1536w, https:\/\/cdn.automobile-propre.com\/uploads\/2025\/08\/Tesla-Model-Y-2025-SUV-electrique-17-620x349.jpg 620w\" sizes=\"auto, (max-width: 1200px) 100vw, 1200px\" \/><br \/>\nLa part de march\u00e9 de Tesla aux \u00c9tats-Unis est pass\u00e9e de 80 % autrefois \u00e0 38 % en ao\u00fbt 2025. Une d\u00e9gringolade qui illustre bien la situation v\u00e9cue par la marque au cours des derniers mois, y compris sur son propre march\u00e9.\u00a0<a href=https:\/\/www.automobile-propre.com\/breves\/les-chiffres-impressionnants-qui-montrent-que-tesla-seffondre-aussi-aux-etats-unis\/ target='bwindow'>Lire la suite&#8230;<\/a><\/p>\n","protected":false},"excerpt":{"rendered":"<p>&#8230; <a class=\"continue-reading-link\" href=\"https:\/\/www.evearly.news\/fr\/ventes-de-voitures-electriques-ces-chiffres-montrent-la-chute-de-tesla\/\"><\/a><\/p>\n","protected":false},"author":8,"featured_media":308879,"comment_status":"closed","ping_status":"open","sticky":false,"template":"Default","format":"standard","meta":{"footnotes":""},"categories":[8],"tags":[],"class_list":["post-308878","post","type-post","status-publish","format-standard","has-post-thumbnail","hentry","category-automobile-propre"],"_links":{"self":[{"href":"https:\/\/www.evearly.news\/fr\/wp-json\/wp\/v2\/posts\/308878","targetHints":{"allow":["GET"]}}],"collection":[{"href":"https:\/\/www.evearly.news\/fr\/wp-json\/wp\/v2\/posts"}],"about":[{"href":"https:\/\/www.evearly.news\/fr\/wp-json\/wp\/v2\/types\/post"}],"author":[{"embeddable":true,"href":"https:\/\/www.evearly.news\/fr\/wp-json\/wp\/v2\/users\/8"}],"replies":[{"embeddable":true,"href":"https:\/\/www.evearly.news\/fr\/wp-json\/wp\/v2\/comments?post=308878"}],"version-history":[{"count":0,"href":"https:\/\/www.evearly.news\/fr\/wp-json\/wp\/v2\/posts\/308878\/revisions"}],"wp:featuredmedia":[{"embeddable":true,"href":"https:\/\/www.evearly.news\/fr\/wp-json\/wp\/v2\/media\/308879"}],"wp:attachment":[{"href":"https:\/\/www.evearly.news\/fr\/wp-json\/wp\/v2\/media?parent=308878"}],"wp:term":[{"taxonomy":"category","embeddable":true,"href":"https:\/\/www.evearly.news\/fr\/wp-json\/wp\/v2\/categories?post=308878"},{"taxonomy":"post_tag","embeddable":true,"href":"https:\/\/www.evearly.news\/fr\/wp-json\/wp\/v2\/tags?post=308878"}],"curies":[{"name":"wp","href":"https:\/\/api.w.org\/{rel}","templated":true}]}}